{"id":9307,"date":"2022-06-23T11:13:18","date_gmt":"2022-06-23T15:13:18","guid":{"rendered":"https:\/\/energiesnet.com\/espanol\/?p=9307"},"modified":"2022-06-23T11:13:23","modified_gmt":"2022-06-23T15:13:23","slug":"comienza-una-negociacion-internacional-con-miras-a-un-acuerdo-en-la-cop15-en-canada-afp","status":"publish","type":"post","link":"https:\/\/energiesnet.com\/espanol\/comienza-una-negociacion-internacional-con-miras-a-un-acuerdo-en-la-cop15-en-canada-afp\/","title":{"rendered":"Comienza una negociaci\u00f3n internacional con miras a un acuerdo en la COP15 en Canad\u00e1 -AFP"},"content":{"rendered":"\n<figure class=\"wp-block-image size-full\"><img fetchpriority=\"high\" decoding=\"async\" width=\"600\" height=\"400\" src=\"https:\/\/energiesnet.com\/espanol\/wp-content\/uploads\/2022\/06\/cop15_afp.jpg\" alt=\"\" class=\"wp-image-9308\" srcset=\"https:\/\/energiesnet.com\/espanol\/wp-content\/uploads\/2022\/06\/cop15_afp.jpg 600w, https:\/\/energiesnet.com\/espanol\/wp-content\/uploads\/2022\/06\/cop15_afp-300x200.jpg 300w\" sizes=\"(max-width: 600px) 100vw, 600px\" \/><figcaption>Delegados internacionales se re\u00fanen este martes en Nairobi para negociar un acuerdo, esperado desde 2020, de protecci\u00f3n de la naturaleza da\u00f1ada por las actividades humanas, con miras a la COP15 sobre biodiversidad que se har\u00e1 en diciembre en Montreal\u00a0(AFP) <\/figcaption><\/figure>\n\n\n\n<p class=\"wp-block-paragraph\"><\/p>\n\n\n\n<p class=\"wp-block-paragraph\">AFP  <\/p>\n\n\n\n<p class=\"wp-block-paragraph\">NAIROBI  <br>EnergiesNet.com 23 06 2022 <\/p>\n\n\n\n<p class=\"wp-block-paragraph\">Delegados internacionales se re\u00fanen a partir de este martes en Nairobi para negociar un acuerdo, esperado desde 2020, de protecci\u00f3n de la naturaleza da\u00f1ada por las actividades humanas, con miras a la COP15 sobre biodiversidad que se celebrar\u00e1 del 5 al 17 de diciembre en Montreal, Canad\u00e1.<\/p>\n\n\n\n<p class=\"wp-block-paragraph\">Los 196 miembros del Convenio para la Diversidad Biol\u00f3gica (CDB) de la ONU -195 Estados y la Uni\u00f3n Europea, sin Estados Unidos- trabajan en un marco mundial para \u00abvivir en armon\u00eda con la naturaleza\u00bb de aqu\u00ed a 2050, con una etapa en 2030.<\/p>\n\n\n\n<p class=\"wp-block-paragraph\">En este texto, que algunos esperan tan ambicioso como el Acuerdo de Par\u00eds sobre el Clima, se trata de proteger al menos el 30% de las tierras y oc\u00e9anos de aqu\u00ed a 2030, reducir la contaminaci\u00f3n pl\u00e1stica y agr\u00edcola o garantizar la correcta aplicaci\u00f3n de los objetivos adoptados.<\/p>\n\n\n\n<p class=\"wp-block-paragraph\">Los Estados han incumplido sus compromisos en la \u00faltima d\u00e9cada y la degradaci\u00f3n de la naturaleza, que proporciona agua potable, aire y alimentos, contin\u00faa a un ritmo fren\u00e9tico.<\/p>\n\n\n\n<p class=\"wp-block-paragraph\">\u00abEs importante aumentar la protecci\u00f3n de la naturaleza, la restauraci\u00f3n de las zonas degradadas y evitar nuevas degradaciones de h\u00e1bitats naturales por el desarrollo de infraestructuras y la contaminaci\u00f3n\u00bb, resume Linda Krueger de la oeneg\u00e9 The Nature Conservancy.<\/p>\n\n\n\n<p class=\"wp-block-paragraph\">Prevista inicialmente en octubre de 2020 en China, la conferencia COP15 fue aplazada varias veces debido al covid-19. Una primera parte, protocolaria, se realiz\u00f3 en Kunming en octubre de 2021.<\/p>\n\n\n\n<p class=\"wp-block-paragraph\">La segunda, donde deben concluir las negociaciones, ser\u00e1 en Canad\u00e1, pues la pol\u00edtica cero covid de Pek\u00edn hizo imposible su celebraci\u00f3n en Kunming, China.<\/p>\n\n\n\n<p class=\"wp-block-paragraph\">Los delegados de los distintos pa\u00edses se reunieron por primera vez en persona en marzo pasado en Ginebra durante dos semanas de trabajo duro, que no fueron suficientes, por lo que del 21 al 26 de junio en Nairobi se celebra una \u00faltima sesi\u00f3n de debate antes de la propia COP.<\/p>\n\n\n\n<p class=\"wp-block-paragraph\">&#8211; La financiaci\u00f3n en el centro del debate &#8211;<\/p>\n\n\n\n<p class=\"wp-block-paragraph\">\u00abLa reuni\u00f3n de Nairobi debe responder a una simple pregunta: \u00bfvamos a abrir la COP15 sobre bases s\u00f3lidas o tambaleantes?\u00bb, afirm\u00f3 a la AFP Li Shuo de Greenpeace.<\/p>\n\n\n\n<p class=\"wp-block-paragraph\">La cuesti\u00f3n de la financiaci\u00f3n estar\u00e1 en el centro de los debates, pues divide a los pa\u00edses en desarrollo y a los pa\u00edses desarrollados.<\/p>\n\n\n\n<p class=\"wp-block-paragraph\">En la clausura de la reuni\u00f3n de Ginebra, una coalici\u00f3n de pa\u00edses de \u00c1frica, Suram\u00e9rica y Centroam\u00e9rica sorprendi\u00f3 al pedir \u00abal menos 100.000 millones de d\u00f3lares al a\u00f1o en un primer momento y luego 700.000 millones de d\u00f3lares al a\u00f1o de aqu\u00ed a 2030 y m\u00e1s all\u00e1\u00bb, sumas que seg\u00fan los pa\u00edses ricos son inalcanzables.<\/p>\n\n\n\n<p class=\"wp-block-paragraph\">\u00abUn desaf\u00edo ser\u00e1 reconstruir la confianza sobre las finanzas entre los pa\u00edses desarrollados y en desarrollo\u00bb, que albergan una gran parte de la biodiversidad mundial, porque de lo contrario ser\u00e1 dif\u00edcil ponerse de acuerdo sobre estos ambiciosos objetivos, coment\u00f3 Oscar Soria, de la oeneg\u00e9 Avaaz.<\/p>\n\n\n\n<p class=\"wp-block-paragraph\">Muchas oeneg\u00e9s piden un mayor reconocimiento del papel de los pueblos ind\u00edgenas, cuyos territorios tienen una rica biodiversidad.<\/p>\n\n\n\n<p class=\"wp-block-paragraph\">El nuevo marco debe reconocer el \u00abimportante papel de los j\u00f3venes l\u00edderes, los pueblos ind\u00edgenas y las comunidades locales y las mujeres en la protecci\u00f3n de la biodiversidad\u00bb, insiste Kaluki Paul Mutuku, director de \u00c1frica de Youth4Nature.<\/p>\n\n\n\n<p class=\"wp-block-paragraph\">afp.com 21 06 2022<\/p>\n","protected":false},"excerpt":{"rendered":"<p>AFP NAIROBI EnergiesNet.com 23 06 2022 Delegados internacionales se re\u00fanen a partir de este martes en Nairobi para negociar un acuerdo, esperado desde 2020, de protecci\u00f3n de la naturaleza da\u00f1ada por las actividades humanas, con miras a la COP15 sobre biodiversidad que se celebrar\u00e1 del 5 al 17 de diciembre en Montreal, Canad\u00e1. Los 196 &hellip;<\/p>\n<p class=\"read-more\"> <a class=\"\" href=\"https:\/\/energiesnet.com\/espanol\/comienza-una-negociacion-internacional-con-miras-a-un-acuerdo-en-la-cop15-en-canada-afp\/\"> <span class=\"screen-reader-text\">Comienza una negociaci\u00f3n internacional con miras a un acuerdo en la COP15 en Canad\u00e1 -AFP<\/span> Leer m\u00e1s &raquo;<\/a><\/p>\n","protected":false},"author":2,"featured_media":9308,"comment_status":"open","ping_status":"open","sticky":false,"template":"","format":"standard","meta":{"_monsterinsights_skip_tracking":false,"site-sidebar-layout":"default","site-content-layout":"default","ast-global-header-display":"","ast-main-header-display":"","ast-hfb-above-header-display":"","ast-hfb-below-header-display":"","ast-hfb-mobile-header-display":"","site-post-title":"","ast-breadcrumbs-content":"","ast-featured-img":"","footer-sml-layout":"","theme-transparent-header-meta":"default","adv-header-id-meta":"","stick-header-meta":"default","header-above-stick-meta":"","header-main-stick-meta":"","header-below-stick-meta":"","footnotes":""},"categories":[45],"tags":[],"class_list":["post-9307","post","type-post","status-publish","format-standard","has-post-thumbnail","hentry","category-noticias-diarias"],"aioseo_notices":[],"aioseo_head":"\n\t\t<!-- All in One SEO 5.0.1.1 - aioseo.com -->\n\t<meta name=\"description\" content=\"AFP NAIROBI EnergiesNet.com 23 06 2022 Delegados internacionales se re\u00fanen a partir de este martes en Nairobi para negociar un acuerdo, esperado desde 2020, de protecci\u00f3n de la naturaleza da\u00f1ada por las actividades humanas, con miras a la COP15 sobre biodiversidad que se celebrar\u00e1 del 5 al 17 de diciembre en Montreal, Canad\u00e1. Los 196\" \/>\n\t<meta name=\"robots\" content=\"max-image-preview:large\" \/>\n\t<meta name=\"author\" content=\"EnergiesNet\"\/>\n\t<link rel=\"canonical\" href=\"https:\/\/energiesnet.com\/espanol\/comienza-una-negociacion-internacional-con-miras-a-un-acuerdo-en-la-cop15-en-canada-afp\/\" \/>\n\t<meta name=\"generator\" content=\"All in One SEO (AIOSEO) 5.0.1.1\" \/>\n\t\t<meta property=\"og:locale\" content=\"es_ES\" \/>\n\t\t<meta property=\"og:site_name\" content=\"EnergiestNet - Latin America Energy, Oil ,  Gas &amp; Renewals\" \/>\n\t\t<meta property=\"og:type\" content=\"article\" \/>\n\t\t<meta property=\"og:title\" content=\"Comienza una negociaci\u00f3n internacional con miras a un acuerdo en la COP15 en Canad\u00e1 -AFP - EnergiestNet\" \/>\n\t\t<meta property=\"og:description\" content=\"AFP NAIROBI EnergiesNet.com 23 06 2022 Delegados internacionales se re\u00fanen a partir de este martes en Nairobi para negociar un acuerdo, esperado desde 2020, de protecci\u00f3n de la naturaleza da\u00f1ada por las actividades humanas, con miras a la COP15 sobre biodiversidad que se celebrar\u00e1 del 5 al 17 de diciembre en Montreal, Canad\u00e1. Los 196\" \/>\n\t\t<meta property=\"og:url\" content=\"https:\/\/energiesnet.com\/espanol\/comienza-una-negociacion-internacional-con-miras-a-un-acuerdo-en-la-cop15-en-canada-afp\/\" \/>\n\t\t<meta property=\"og:image\" content=\"https:\/\/energiesnet.com\/espanol\" \/>\n\t\t<meta property=\"og:image:secure_url\" content=\"https:\/\/energiesnet.com\/espanol\" \/>\n\t\t<meta property=\"article:published_time\" content=\"2022-06-23T15:13:18+00:00\" \/>\n\t\t<meta property=\"article:modified_time\" content=\"2022-06-23T15:13:23+00:00\" \/>\n\t\t<meta property=\"article:publisher\" content=\"https:\/\/www.facebook.com\/\/EnergiesNet\" \/>\n\t\t<meta name=\"twitter:card\" content=\"summary_large_image\" \/>\n\t\t<meta name=\"twitter:site\" content=\"@EnergiesNet1\" \/>\n\t\t<meta name=\"twitter:title\" content=\"Comienza una negociaci\u00f3n internacional con miras a un acuerdo en la COP15 en Canad\u00e1 -AFP - EnergiestNet\" \/>\n\t\t<meta name=\"twitter:description\" content=\"AFP NAIROBI EnergiesNet.com 23 06 2022 Delegados internacionales se re\u00fanen a partir de este martes en Nairobi para negociar un acuerdo, esperado desde 2020, de protecci\u00f3n de la naturaleza da\u00f1ada por las actividades humanas, con miras a la COP15 sobre biodiversidad que se celebrar\u00e1 del 5 al 17 de diciembre en Montreal, Canad\u00e1. Los 196\" \/>\n\t\t<meta name=\"twitter:creator\" content=\"@EnergiesNet1\" \/>\n\t\t<meta name=\"twitter:image\" content=\"https:\/\/energiesnet.com\/espanol\" \/>\n\t\t<script type=\"application\/ld+json\" class=\"aioseo-schema\">\n\t\t\t{\"@context\":\"https:\\\/\\\/schema.org\",\"@graph\":[{\"@type\":\"BlogPosting\",\"@id\":\"https:\\\/\\\/energiesnet.com\\\/espanol\\\/comienza-una-negociacion-internacional-con-miras-a-un-acuerdo-en-la-cop15-en-canada-afp\\\/#blogposting\",\"name\":\"Comienza una negociaci\\u00f3n internacional con miras a un acuerdo en la COP15 en Canad\\u00e1 -AFP - EnergiestNet\",\"headline\":\"Comienza una negociaci\\u00f3n internacional con miras a un acuerdo en la COP15 en Canad\\u00e1 -AFP\",\"author\":{\"@id\":\"https:\\\/\\\/energiesnet.com\\\/espanol\\\/author\\\/elioohep\\\/#author\"},\"publisher\":{\"@id\":\"https:\\\/\\\/energiesnet.com\\\/espanol\\\/#organization\"},\"image\":{\"@type\":\"ImageObject\",\"url\":\"https:\\\/\\\/energiesnet.com\\\/espanol\\\/wp-content\\\/uploads\\\/2022\\\/06\\\/cop15_afp.jpg\",\"width\":600,\"height\":400},\"datePublished\":\"2022-06-23T11:13:18-04:00\",\"dateModified\":\"2022-06-23T11:13:23-04:00\",\"inLanguage\":\"es-ES\",\"mainEntityOfPage\":{\"@id\":\"https:\\\/\\\/energiesnet.com\\\/espanol\\\/comienza-una-negociacion-internacional-con-miras-a-un-acuerdo-en-la-cop15-en-canada-afp\\\/#webpage\"},\"isPartOf\":{\"@id\":\"https:\\\/\\\/energiesnet.com\\\/espanol\\\/comienza-una-negociacion-internacional-con-miras-a-un-acuerdo-en-la-cop15-en-canada-afp\\\/#webpage\"},\"articleSection\":\"Noticias Diarias\"},{\"@type\":\"BreadcrumbList\",\"@id\":\"https:\\\/\\\/energiesnet.com\\\/espanol\\\/comienza-una-negociacion-internacional-con-miras-a-un-acuerdo-en-la-cop15-en-canada-afp\\\/#breadcrumblist\",\"itemListElement\":[{\"@type\":\"ListItem\",\"@id\":\"https:\\\/\\\/energiesnet.com\\\/espanol#listItem\",\"position\":1,\"name\":\"Inicio\",\"item\":\"https:\\\/\\\/energiesnet.com\\\/espanol\",\"nextItem\":{\"@type\":\"ListItem\",\"@id\":\"https:\\\/\\\/energiesnet.com\\\/espanol\\\/category\\\/noticias-diarias\\\/#listItem\",\"name\":\"Noticias Diarias\"}},{\"@type\":\"ListItem\",\"@id\":\"https:\\\/\\\/energiesnet.com\\\/espanol\\\/category\\\/noticias-diarias\\\/#listItem\",\"position\":2,\"name\":\"Noticias Diarias\",\"item\":\"https:\\\/\\\/energiesnet.com\\\/espanol\\\/category\\\/noticias-diarias\\\/\",\"nextItem\":{\"@type\":\"ListItem\",\"@id\":\"https:\\\/\\\/energiesnet.com\\\/espanol\\\/comienza-una-negociacion-internacional-con-miras-a-un-acuerdo-en-la-cop15-en-canada-afp\\\/#listItem\",\"name\":\"Comienza una negociaci\\u00f3n internacional con miras a un acuerdo en la COP15 en Canad\\u00e1 -AFP\"},\"previousItem\":{\"@type\":\"ListItem\",\"@id\":\"https:\\\/\\\/energiesnet.com\\\/espanol#listItem\",\"name\":\"Inicio\"}},{\"@type\":\"ListItem\",\"@id\":\"https:\\\/\\\/energiesnet.com\\\/espanol\\\/comienza-una-negociacion-internacional-con-miras-a-un-acuerdo-en-la-cop15-en-canada-afp\\\/#listItem\",\"position\":3,\"name\":\"Comienza una negociaci\\u00f3n internacional con miras a un acuerdo en la COP15 en Canad\\u00e1 -AFP\",\"previousItem\":{\"@type\":\"ListItem\",\"@id\":\"https:\\\/\\\/energiesnet.com\\\/espanol\\\/category\\\/noticias-diarias\\\/#listItem\",\"name\":\"Noticias Diarias\"}}]},{\"@type\":\"Organization\",\"@id\":\"https:\\\/\\\/energiesnet.com\\\/espanol\\\/#organization\",\"name\":\"EnergiestNet\",\"description\":\"Latin America Energy, Oil ,  Gas & Renewals\",\"url\":\"https:\\\/\\\/energiesnet.com\\\/espanol\\\/\",\"telephone\":\"+584142763041\",\"logo\":{\"@type\":\"ImageObject\",\"url\":\"https:\\\/\\\/energiesnet.com\\\/espanol\\\/wp-content\\\/uploads\\\/2022\\\/12\\\/EnergiesNet-Logo-200.jpg\",\"@id\":\"https:\\\/\\\/energiesnet.com\\\/espanol\\\/comienza-una-negociacion-internacional-con-miras-a-un-acuerdo-en-la-cop15-en-canada-afp\\\/#organizationLogo\",\"width\":200,\"height\":220},\"image\":{\"@id\":\"https:\\\/\\\/energiesnet.com\\\/espanol\\\/comienza-una-negociacion-internacional-con-miras-a-un-acuerdo-en-la-cop15-en-canada-afp\\\/#organizationLogo\"},\"sameAs\":[\"https:\\\/\\\/www.facebook.com\\\/\\\/EnergiesNet\",\"https:\\\/\\\/twitter.com\\\/EnergiesNet1\",\"https:\\\/\\\/www.instagram.com\\\/energiesnet\\\/\",\"https:\\\/\\\/linkedin.com\\\/in\\\/elio-ohep-a465b78\"]},{\"@type\":\"Person\",\"@id\":\"https:\\\/\\\/energiesnet.com\\\/espanol\\\/author\\\/elioohep\\\/#author\",\"url\":\"https:\\\/\\\/energiesnet.com\\\/espanol\\\/author\\\/elioohep\\\/\",\"name\":\"EnergiesNet\",\"image\":{\"@type\":\"ImageObject\",\"@id\":\"https:\\\/\\\/energiesnet.com\\\/espanol\\\/comienza-una-negociacion-internacional-con-miras-a-un-acuerdo-en-la-cop15-en-canada-afp\\\/#authorImage\",\"url\":\"https:\\\/\\\/secure.gravatar.com\\\/avatar\\\/5412deb1089370e2bdf1d1310563df78bf3dc9f9e388ca5748bced95cfdb664b?s=96&d=mm&r=g\",\"width\":96,\"height\":96,\"caption\":\"EnergiesNet\"}},{\"@type\":\"WebPage\",\"@id\":\"https:\\\/\\\/energiesnet.com\\\/espanol\\\/comienza-una-negociacion-internacional-con-miras-a-un-acuerdo-en-la-cop15-en-canada-afp\\\/#webpage\",\"url\":\"https:\\\/\\\/energiesnet.com\\\/espanol\\\/comienza-una-negociacion-internacional-con-miras-a-un-acuerdo-en-la-cop15-en-canada-afp\\\/\",\"name\":\"Comienza una negociaci\\u00f3n internacional con miras a un acuerdo en la COP15 en Canad\\u00e1 -AFP - EnergiestNet\",\"description\":\"AFP NAIROBI EnergiesNet.com 23 06 2022 Delegados internacionales se re\\u00fanen a partir de este martes en Nairobi para negociar un acuerdo, esperado desde 2020, de protecci\\u00f3n de la naturaleza da\\u00f1ada por las actividades humanas, con miras a la COP15 sobre biodiversidad que se celebrar\\u00e1 del 5 al 17 de diciembre en Montreal, Canad\\u00e1. Los 196\",\"inLanguage\":\"es-ES\",\"isPartOf\":{\"@id\":\"https:\\\/\\\/energiesnet.com\\\/espanol\\\/#website\"},\"breadcrumb\":{\"@id\":\"https:\\\/\\\/energiesnet.com\\\/espanol\\\/comienza-una-negociacion-internacional-con-miras-a-un-acuerdo-en-la-cop15-en-canada-afp\\\/#breadcrumblist\"},\"author\":{\"@id\":\"https:\\\/\\\/energiesnet.com\\\/espanol\\\/author\\\/elioohep\\\/#author\"},\"creator\":{\"@id\":\"https:\\\/\\\/energiesnet.com\\\/espanol\\\/author\\\/elioohep\\\/#author\"},\"image\":{\"@type\":\"ImageObject\",\"url\":\"https:\\\/\\\/energiesnet.com\\\/espanol\\\/wp-content\\\/uploads\\\/2022\\\/06\\\/cop15_afp.jpg\",\"@id\":\"https:\\\/\\\/energiesnet.com\\\/espanol\\\/comienza-una-negociacion-internacional-con-miras-a-un-acuerdo-en-la-cop15-en-canada-afp\\\/#mainImage\",\"width\":600,\"height\":400},\"primaryImageOfPage\":{\"@id\":\"https:\\\/\\\/energiesnet.com\\\/espanol\\\/comienza-una-negociacion-internacional-con-miras-a-un-acuerdo-en-la-cop15-en-canada-afp\\\/#mainImage\"},\"datePublished\":\"2022-06-23T11:13:18-04:00\",\"dateModified\":\"2022-06-23T11:13:23-04:00\"},{\"@type\":\"WebSite\",\"@id\":\"https:\\\/\\\/energiesnet.com\\\/espanol\\\/#website\",\"url\":\"https:\\\/\\\/energiesnet.com\\\/espanol\\\/\",\"name\":\"EnergiestNet\",\"description\":\"Latin America Energy, Oil ,  Gas & Renewals\",\"inLanguage\":\"es-ES\",\"publisher\":{\"@id\":\"https:\\\/\\\/energiesnet.com\\\/espanol\\\/#organization\"}}]}\n\t\t<\/script>\n\t\t<!-- All in One SEO -->\n\n","aioseo_head_json":{"title":"Comienza una negociaci\u00f3n internacional con miras a un acuerdo en la COP15 en Canad\u00e1 -AFP - EnergiestNet","description":"AFP NAIROBI EnergiesNet.com 23 06 2022 Delegados internacionales se re\u00fanen a partir de este martes en Nairobi para negociar un acuerdo, esperado desde 2020, de protecci\u00f3n de la naturaleza da\u00f1ada por las actividades humanas, con miras a la COP15 sobre biodiversidad que se celebrar\u00e1 del 5 al 17 de diciembre en Montreal, Canad\u00e1. Los 196","canonical_url":"https:\/\/energiesnet.com\/espanol\/comienza-una-negociacion-internacional-con-miras-a-un-acuerdo-en-la-cop15-en-canada-afp\/","robots":"max-image-preview:large","keywords":"","webmasterTools":{"miscellaneous":""},"schema":{"@context":"https:\/\/schema.org","@graph":[{"@type":"BlogPosting","@id":"https:\/\/energiesnet.com\/espanol\/comienza-una-negociacion-internacional-con-miras-a-un-acuerdo-en-la-cop15-en-canada-afp\/#blogposting","name":"Comienza una negociaci\u00f3n internacional con miras a un acuerdo en la COP15 en Canad\u00e1 -AFP - EnergiestNet","headline":"Comienza una negociaci\u00f3n internacional con miras a un acuerdo en la COP15 en Canad\u00e1 -AFP","author":{"@id":"https:\/\/energiesnet.com\/espanol\/author\/elioohep\/#author"},"publisher":{"@id":"https:\/\/energiesnet.com\/espanol\/#organization"},"image":{"@type":"ImageObject","url":"https:\/\/energiesnet.com\/espanol\/wp-content\/uploads\/2022\/06\/cop15_afp.jpg","width":600,"height":400},"datePublished":"2022-06-23T11:13:18-04:00","dateModified":"2022-06-23T11:13:23-04:00","inLanguage":"es-ES","mainEntityOfPage":{"@id":"https:\/\/energiesnet.com\/espanol\/comienza-una-negociacion-internacional-con-miras-a-un-acuerdo-en-la-cop15-en-canada-afp\/#webpage"},"isPartOf":{"@id":"https:\/\/energiesnet.com\/espanol\/comienza-una-negociacion-internacional-con-miras-a-un-acuerdo-en-la-cop15-en-canada-afp\/#webpage"},"articleSection":"Noticias Diarias"},{"@type":"BreadcrumbList","@id":"https:\/\/energiesnet.com\/espanol\/comienza-una-negociacion-internacional-con-miras-a-un-acuerdo-en-la-cop15-en-canada-afp\/#breadcrumblist","itemListElement":[{"@type":"ListItem","@id":"https:\/\/energiesnet.com\/espanol#listItem","position":1,"name":"Inicio","item":"https:\/\/energiesnet.com\/espanol","nextItem":{"@type":"ListItem","@id":"https:\/\/energiesnet.com\/espanol\/category\/noticias-diarias\/#listItem","name":"Noticias Diarias"}},{"@type":"ListItem","@id":"https:\/\/energiesnet.com\/espanol\/category\/noticias-diarias\/#listItem","position":2,"name":"Noticias Diarias","item":"https:\/\/energiesnet.com\/espanol\/category\/noticias-diarias\/","nextItem":{"@type":"ListItem","@id":"https:\/\/energiesnet.com\/espanol\/comienza-una-negociacion-internacional-con-miras-a-un-acuerdo-en-la-cop15-en-canada-afp\/#listItem","name":"Comienza una negociaci\u00f3n internacional con miras a un acuerdo en la COP15 en Canad\u00e1 -AFP"},"previousItem":{"@type":"ListItem","@id":"https:\/\/energiesnet.com\/espanol#listItem","name":"Inicio"}},{"@type":"ListItem","@id":"https:\/\/energiesnet.com\/espanol\/comienza-una-negociacion-internacional-con-miras-a-un-acuerdo-en-la-cop15-en-canada-afp\/#listItem","position":3,"name":"Comienza una negociaci\u00f3n internacional con miras a un acuerdo en la COP15 en Canad\u00e1 -AFP","previousItem":{"@type":"ListItem","@id":"https:\/\/energiesnet.com\/espanol\/category\/noticias-diarias\/#listItem","name":"Noticias Diarias"}}]},{"@type":"Organization","@id":"https:\/\/energiesnet.com\/espanol\/#organization","name":"EnergiestNet","description":"Latin America Energy, Oil ,  Gas & Renewals","url":"https:\/\/energiesnet.com\/espanol\/","telephone":"+584142763041","logo":{"@type":"ImageObject","url":"https:\/\/energiesnet.com\/espanol\/wp-content\/uploads\/2022\/12\/EnergiesNet-Logo-200.jpg","@id":"https:\/\/energiesnet.com\/espanol\/comienza-una-negociacion-internacional-con-miras-a-un-acuerdo-en-la-cop15-en-canada-afp\/#organizationLogo","width":200,"height":220},"image":{"@id":"https:\/\/energiesnet.com\/espanol\/comienza-una-negociacion-internacional-con-miras-a-un-acuerdo-en-la-cop15-en-canada-afp\/#organizationLogo"},"sameAs":["https:\/\/www.facebook.com\/\/EnergiesNet","https:\/\/twitter.com\/EnergiesNet1","https:\/\/www.instagram.com\/energiesnet\/","https:\/\/linkedin.com\/in\/elio-ohep-a465b78"]},{"@type":"Person","@id":"https:\/\/energiesnet.com\/espanol\/author\/elioohep\/#author","url":"https:\/\/energiesnet.com\/espanol\/author\/elioohep\/","name":"EnergiesNet","image":{"@type":"ImageObject","@id":"https:\/\/energiesnet.com\/espanol\/comienza-una-negociacion-internacional-con-miras-a-un-acuerdo-en-la-cop15-en-canada-afp\/#authorImage","url":"https:\/\/secure.gravatar.com\/avatar\/5412deb1089370e2bdf1d1310563df78bf3dc9f9e388ca5748bced95cfdb664b?s=96&d=mm&r=g","width":96,"height":96,"caption":"EnergiesNet"}},{"@type":"WebPage","@id":"https:\/\/energiesnet.com\/espanol\/comienza-una-negociacion-internacional-con-miras-a-un-acuerdo-en-la-cop15-en-canada-afp\/#webpage","url":"https:\/\/energiesnet.com\/espanol\/comienza-una-negociacion-internacional-con-miras-a-un-acuerdo-en-la-cop15-en-canada-afp\/","name":"Comienza una negociaci\u00f3n internacional con miras a un acuerdo en la COP15 en Canad\u00e1 -AFP - EnergiestNet","description":"AFP NAIROBI EnergiesNet.com 23 06 2022 Delegados internacionales se re\u00fanen a partir de este martes en Nairobi para negociar un acuerdo, esperado desde 2020, de protecci\u00f3n de la naturaleza da\u00f1ada por las actividades humanas, con miras a la COP15 sobre biodiversidad que se celebrar\u00e1 del 5 al 17 de diciembre en Montreal, Canad\u00e1. Los 196","inLanguage":"es-ES","isPartOf":{"@id":"https:\/\/energiesnet.com\/espanol\/#website"},"breadcrumb":{"@id":"https:\/\/energiesnet.com\/espanol\/comienza-una-negociacion-internacional-con-miras-a-un-acuerdo-en-la-cop15-en-canada-afp\/#breadcrumblist"},"author":{"@id":"https:\/\/energiesnet.com\/espanol\/author\/elioohep\/#author"},"creator":{"@id":"https:\/\/energiesnet.com\/espanol\/author\/elioohep\/#author"},"image":{"@type":"ImageObject","url":"https:\/\/energiesnet.com\/espanol\/wp-content\/uploads\/2022\/06\/cop15_afp.jpg","@id":"https:\/\/energiesnet.com\/espanol\/comienza-una-negociacion-internacional-con-miras-a-un-acuerdo-en-la-cop15-en-canada-afp\/#mainImage","width":600,"height":400},"primaryImageOfPage":{"@id":"https:\/\/energiesnet.com\/espanol\/comienza-una-negociacion-internacional-con-miras-a-un-acuerdo-en-la-cop15-en-canada-afp\/#mainImage"},"datePublished":"2022-06-23T11:13:18-04:00","dateModified":"2022-06-23T11:13:23-04:00"},{"@type":"WebSite","@id":"https:\/\/energiesnet.com\/espanol\/#website","url":"https:\/\/energiesnet.com\/espanol\/","name":"EnergiestNet","description":"Latin America Energy, Oil ,  Gas & Renewals","inLanguage":"es-ES","publisher":{"@id":"https:\/\/energiesnet.com\/espanol\/#organization"}}]},"og:locale":"es_ES","og:site_name":"EnergiestNet - Latin America Energy, Oil ,  Gas &amp; Renewals","og:type":"article","og:title":"Comienza una negociaci\u00f3n internacional con miras a un acuerdo en la COP15 en Canad\u00e1 -AFP - EnergiestNet","og:description":"AFP NAIROBI EnergiesNet.com 23 06 2022 Delegados internacionales se re\u00fanen a partir de este martes en Nairobi para negociar un acuerdo, esperado desde 2020, de protecci\u00f3n de la naturaleza da\u00f1ada por las actividades humanas, con miras a la COP15 sobre biodiversidad que se celebrar\u00e1 del 5 al 17 de diciembre en Montreal, Canad\u00e1. Los 196","og:url":"https:\/\/energiesnet.com\/espanol\/comienza-una-negociacion-internacional-con-miras-a-un-acuerdo-en-la-cop15-en-canada-afp\/","og:image":"https:\/\/energiesnet.com\/espanol","og:image:secure_url":"https:\/\/energiesnet.com\/espanol","article:published_time":"2022-06-23T15:13:18+00:00","article:modified_time":"2022-06-23T15:13:23+00:00","article:publisher":"https:\/\/www.facebook.com\/\/EnergiesNet","twitter:card":"summary_large_image","twitter:site":"@EnergiesNet1","twitter:title":"Comienza una negociaci\u00f3n internacional con miras a un acuerdo en la COP15 en Canad\u00e1 -AFP - EnergiestNet","twitter:description":"AFP NAIROBI EnergiesNet.com 23 06 2022 Delegados internacionales se re\u00fanen a partir de este martes en Nairobi para negociar un acuerdo, esperado desde 2020, de protecci\u00f3n de la naturaleza da\u00f1ada por las actividades humanas, con miras a la COP15 sobre biodiversidad que se celebrar\u00e1 del 5 al 17 de diciembre en Montreal, Canad\u00e1. Los 196","twitter:creator":"@EnergiesNet1","twitter:image":"https:\/\/energiesnet.com\/espanol"},"aioseo_meta_data":{"post_id":"9307","title":null,"description":null,"keywords":null,"keyphrases":null,"primary_term":null,"canonical_url":null,"og_title":null,"og_description":null,"og_object_type":"default","og_image_type":"default","og_image_url":null,"og_image_width":null,"og_image_height":null,"og_image_custom_url":null,"og_image_custom_fields":null,"og_video":null,"og_custom_url":null,"og_article_section":null,"og_article_tags":null,"twitter_use_og":false,"twitter_card":"default","twitter_image_type":"default","twitter_image_url":null,"twitter_image_custom_url":null,"twitter_image_custom_fields":null,"twitter_title":null,"twitter_description":null,"schema":{"blockGraphs":[],"customGraphs":[],"default":{"data":{"Article":[],"Course":[],"Dataset":[],"FAQPage":[],"Movie":[],"Person":[],"Product":[],"ProductReview":[],"Car":[],"Recipe":[],"Service":[],"SoftwareApplication":[],"WebPage":[]},"graphName":"","isEnabled":true},"graphs":[]},"schema_type":"default","schema_type_options":null,"pillar_content":false,"robots_default":true,"robots_noindex":false,"robots_noarchive":false,"robots_nosnippet":false,"robots_nofollow":false,"robots_noimageindex":false,"robots_noodp":false,"robots_notranslate":false,"robots_max_snippet":null,"robots_max_videopreview":null,"robots_max_imagepreview":"large","priority":null,"frequency":null,"local_seo":null,"breadcrumb_settings":null,"limit_modified_date":false,"ai":null,"created":"2022-12-14 16:36:37","updated":"2025-06-04 12:06:54","seo_analyzer_scan_date":null,"focus_keyword":null,"additional_keywords":null,"truseo_locale":null},"aioseo_breadcrumb":"<div class=\"aioseo-breadcrumbs\"><span class=\"aioseo-breadcrumb\">\n\t\t\t<a href=\"https:\/\/energiesnet.com\/espanol\" title=\"Inicio\">Inicio<\/a>\n\t\t<\/span><span class=\"aioseo-breadcrumb-separator\">&raquo;<\/span><span class=\"aioseo-breadcrumb\">\n\t\t\t<a href=\"https:\/\/energiesnet.com\/espanol\/category\/noticias-diarias\/\" title=\"Noticias Diarias\">Noticias Diarias<\/a>\n\t\t<\/span><span class=\"aioseo-breadcrumb-separator\">&raquo;<\/span><span class=\"aioseo-breadcrumb\">\n\t\t\tComienza una negociaci\u00f3n internacional con miras a un acuerdo en la COP15 en Canad\u00e1 -AFP\n\t\t<\/span><\/div>","aioseo_breadcrumb_json":[{"label":"Inicio","link":"https:\/\/energiesnet.com\/espanol"},{"label":"Noticias Diarias","link":"https:\/\/energiesnet.com\/espanol\/category\/noticias-diarias\/"},{"label":"Comienza una negociaci\u00f3n internacional con miras a un acuerdo en la COP15 en Canad\u00e1 -AFP","link":"https:\/\/energiesnet.com\/espanol\/comienza-una-negociacion-internacional-con-miras-a-un-acuerdo-en-la-cop15-en-canada-afp\/"}],"_links":{"self":[{"href":"https:\/\/energiesnet.com\/espanol\/wp-json\/wp\/v2\/posts\/9307","targetHints":{"allow":["GET"]}}],"collection":[{"href":"https:\/\/energiesnet.com\/espanol\/wp-json\/wp\/v2\/posts"}],"about":[{"href":"https:\/\/energiesnet.com\/espanol\/wp-json\/wp\/v2\/types\/post"}],"author":[{"embeddable":true,"href":"https:\/\/energiesnet.com\/espanol\/wp-json\/wp\/v2\/users\/2"}],"replies":[{"embeddable":true,"href":"https:\/\/energiesnet.com\/espanol\/wp-json\/wp\/v2\/comments?post=9307"}],"version-history":[{"count":0,"href":"https:\/\/energiesnet.com\/espanol\/wp-json\/wp\/v2\/posts\/9307\/revisions"}],"wp:featuredmedia":[{"embeddable":true,"href":"https:\/\/energiesnet.com\/espanol\/wp-json\/wp\/v2\/media\/9308"}],"wp:attachment":[{"href":"https:\/\/energiesnet.com\/espanol\/wp-json\/wp\/v2\/media?parent=9307"}],"wp:term":[{"taxonomy":"category","embeddable":true,"href":"https:\/\/energiesnet.com\/espanol\/wp-json\/wp\/v2\/categories?post=9307"},{"taxonomy":"post_tag","embeddable":true,"href":"https:\/\/energiesnet.com\/espanol\/wp-json\/wp\/v2\/tags?post=9307"}],"curies":[{"name":"wp","href":"https:\/\/api.w.org\/{rel}","templated":true}]}}