{"id":9640,"date":"2022-07-08T11:19:31","date_gmt":"2022-07-08T15:19:31","guid":{"rendered":"https:\/\/energiesnet.com\/espanol\/?p=9640"},"modified":"2022-07-08T11:19:33","modified_gmt":"2022-07-08T15:19:33","slug":"el-parlamento-europeo-respalda-el-sello-verde-de-la-ue-al-gas-y-la-energia-nuclear-afp","status":"publish","type":"post","link":"https:\/\/energiesnet.com\/espanol\/el-parlamento-europeo-respalda-el-sello-verde-de-la-ue-al-gas-y-la-energia-nuclear-afp\/","title":{"rendered":"El Parlamento Europeo respalda el sello \u00abverde\u00bb de la UE al gas y la energ\u00eda nuclear -AFP"},"content":{"rendered":"\n<figure class=\"wp-block-image size-full\"><img fetchpriority=\"high\" decoding=\"async\" width=\"600\" height=\"400\" src=\"https:\/\/energiesnet.com\/espanol\/wp-content\/uploads\/2022\/07\/ue_parliament-afp.jpg\" alt=\"\" class=\"wp-image-9641\" srcset=\"https:\/\/energiesnet.com\/espanol\/wp-content\/uploads\/2022\/07\/ue_parliament-afp.jpg 600w, https:\/\/energiesnet.com\/espanol\/wp-content\/uploads\/2022\/07\/ue_parliament-afp-300x200.jpg 300w\" sizes=\"(max-width: 600px) 100vw, 600px\" \/><figcaption>Diputados del Parlamento Europeo participan en la votaci\u00f3n del texto que considera \u00absostenibles\u00bb las inversiones en centrales nucleares o de gas, el 6 de julio de 2022 en la ciudad francesa de Estrasburgo\u00a0 (AFP)\\<\/figcaption><\/figure>\n\n\n\n<p class=\"wp-block-paragraph\">AFP  <\/p>\n\n\n\n<p class=\"wp-block-paragraph\">ESTRASBURGO  <br>EnergiesNet.com 08 07 2022  <\/p>\n\n\n\n<p class=\"wp-block-paragraph\">La plenaria del Parlamento Europeo aprob\u00f3 este mi\u00e9rcoles conceder el sello \u00abverde\u00bb de la Uni\u00f3n Europea (UE) al gas y la energ\u00eda nuclear, dos fuentes de energ\u00eda reconocidas como necesarias para enfrentar los efectos del cambio clim\u00e1tico.<\/p>\n\n\n\n<p class=\"wp-block-paragraph\">El controvertido texto, que hab\u00eda sido anunciado en enero por la Comisi\u00f3n Europea, considera \u00absostenibles\u00bb las inversiones en centrales nucleares o de gas para la producci\u00f3n de energ\u00eda el\u00e9ctrica, siempre que utilicen las tecnolog\u00edas m\u00e1s avanzadas.<\/p>\n\n\n\n<p class=\"wp-block-paragraph\">Esta clasificaci\u00f3n (que en las instituciones de la UE se denomina &#8216;Taxonom\u00eda&#8217;) deber\u00eda ayudar a movilizar fondos privados para estos proyectos.<\/p>\n\n\n\n<p class=\"wp-block-paragraph\">La iniciativa es parte del objetivo de la UE de alcanzar la neutralidad de carbono para el a\u00f1o 2050.<\/p>\n\n\n\n<p class=\"wp-block-paragraph\">En la plenaria del Parlamento en Estrasburgo (Francia), el respaldo a la normativa recibi\u00f3 328 votos a favor y 278 en contra, con 33 abstenciones.<\/p>\n\n\n\n<p class=\"wp-block-paragraph\">El primer ministro de la Rep\u00fablica Checa, Petr Fiala, cuyo pa\u00eds asumi\u00f3 la presidencia semestral rotativa del Consejo Europeo, formul\u00f3 un llamado a los legisladores a apoyar la controvertida medida.<\/p>\n\n\n\n<p class=\"wp-block-paragraph\">\u00abLes pido que no rechacen este fr\u00e1gil acuerdo, que fue negociado muy cuidadosamente\u00bb, dijo.<\/p>\n\n\n\n<p class=\"wp-block-paragraph\">En opini\u00f3n de Fiala, algunos pa\u00edses de la UE \u00ab\u00fanicamente podr\u00e1n alcanzar sus metas clim\u00e1ticas como resultado de estos criterios\u00bb.<\/p>\n\n\n\n<p class=\"wp-block-paragraph\">El proyecto enfrent\u00f3 la feroz resistencia de varios pa\u00edses del bloque y de una parte importante de los legisladores.<\/p>\n\n\n\n<p class=\"wp-block-paragraph\">\u00ab\u00bfC\u00f3mo podemos pedir a otros pa\u00edses que reduzcan su uso de combustibles f\u00f3siles y su cantidad de desechos nucleares, si nosotros los clasificamos como verdes?\u00bb, pregunt\u00f3 en la sesi\u00f3n el eurolegislador holand\u00e9s Bas Eickhout.<\/p>\n\n\n\n<p class=\"wp-block-paragraph\">El proyecto tiene el firme apoyo de Francia (que en gran medida depende de la energ\u00eda nuclear) y Alemania (que necesita gas).<\/p>\n\n\n\n<p class=\"wp-block-paragraph\"><strong>&#8211; Reacciones airadas &#8211;<\/strong><\/p>\n\n\n\n<p class=\"wp-block-paragraph\">Las reacciones cr\u00edticas no se hicieron esperar.<\/p>\n\n\n\n<p class=\"wp-block-paragraph\">En opini\u00f3n de Ariadna Rodrigo, de la entidad ambientalista Greenpeace, la iniciativa es producto \u00abde la pol\u00edtica sucia, y el resultado es escandaloso\u00bb.<\/p>\n\n\n\n<p class=\"wp-block-paragraph\">\u00abVamos a enfrentar esto en los tribunales\u00bb, a\u00f1adi\u00f3.<\/p>\n\n\n\n<p class=\"wp-block-paragraph\">La joven activista sueca Greta Thunberg, a su vez, apunt\u00f3 que esta iniciativa \u00abretrasar\u00e1 una transici\u00f3n sostenible real que se necesita desesperadamente y profundizar\u00e1 nuestra dependencia de los combustibles rusos. La hipocres\u00eda es llamativa, pero lamentablemente no sorprende\u00bb.<\/p>\n\n\n\n<p class=\"wp-block-paragraph\">En tanto, Laurence Tubiana, de la Fundaci\u00f3n Europea del Clima, apunt\u00f3 que al mantener el gas en los criterios de la Taxonom\u00eda, la UE \u00abha perdido la oportunidad de establecer un est\u00e1ndar de oro para las finanzas sostenibles\u00bb.<\/p>\n\n\n\n<p class=\"wp-block-paragraph\">\u00abEn cambio, ha sentado un precedente peligroso. La pol\u00edtica y los intereses creados han vencido a la ciencia\u00bb, lament\u00f3.<\/p>\n\n\n\n<p class=\"wp-block-paragraph\">A nivel oficial, el gobierno de Luxemburgo emiti\u00f3 una nota para \u00ablamentar\u00bb la decisi\u00f3n del Parlamento.<\/p>\n\n\n\n<p class=\"wp-block-paragraph\">\u00abUna transici\u00f3n real hacia la neutralidad clim\u00e1tica debe prescindir tanto de los combustibles f\u00f3siles como de la energ\u00eda nuclear, una tecnolog\u00eda costosa y altamente peligrosa\u00bb, apunt\u00f3 el gobierno luxemburgu\u00e9s.<\/p>\n\n\n\n<p class=\"wp-block-paragraph\">afp.com 06 07 2022<\/p>\n","protected":false},"excerpt":{"rendered":"<p>AFP ESTRASBURGO EnergiesNet.com 08 07 2022 La plenaria del Parlamento Europeo aprob\u00f3 este mi\u00e9rcoles conceder el sello \u00abverde\u00bb de la Uni\u00f3n Europea (UE) al gas y la energ\u00eda nuclear, dos fuentes de energ\u00eda reconocidas como necesarias para enfrentar los efectos del cambio clim\u00e1tico. El controvertido texto, que hab\u00eda sido anunciado en enero por la Comisi\u00f3n &hellip;<\/p>\n<p class=\"read-more\"> <a class=\"\" href=\"https:\/\/energiesnet.com\/espanol\/el-parlamento-europeo-respalda-el-sello-verde-de-la-ue-al-gas-y-la-energia-nuclear-afp\/\"> <span class=\"screen-reader-text\">El Parlamento Europeo respalda el sello \u00abverde\u00bb de la UE al gas y la energ\u00eda nuclear -AFP<\/span> Leer m\u00e1s &raquo;<\/a><\/p>\n","protected":false},"author":2,"featured_media":9641,"comment_status":"open","ping_status":"open","sticky":false,"template":"","format":"standard","meta":{"_monsterinsights_skip_tracking":false,"site-sidebar-layout":"default","site-content-layout":"default","ast-global-header-display":"","ast-main-header-display":"","ast-hfb-above-header-display":"","ast-hfb-below-header-display":"","ast-hfb-mobile-header-display":"","site-post-title":"","ast-breadcrumbs-content":"","ast-featured-img":"","footer-sml-layout":"","theme-transparent-header-meta":"","adv-header-id-meta":"","stick-header-meta":"","header-above-stick-meta":"","header-main-stick-meta":"","header-below-stick-meta":"","footnotes":""},"categories":[45],"tags":[],"class_list":["post-9640","post","type-post","status-publish","format-standard","has-post-thumbnail","hentry","category-noticias-diarias"],"aioseo_notices":[],"aioseo_head":"\n\t\t<!-- All in One SEO 5.0.1.1 - aioseo.com -->\n\t<meta name=\"description\" content=\"AFP ESTRASBURGO EnergiesNet.com 08 07 2022 La plenaria del Parlamento Europeo aprob\u00f3 este mi\u00e9rcoles conceder el sello &quot;verde&quot; de la Uni\u00f3n Europea (UE) al gas y la energ\u00eda nuclear, dos fuentes de energ\u00eda reconocidas como necesarias para enfrentar los efectos del cambio clim\u00e1tico. El controvertido texto, que hab\u00eda sido anunciado en enero por la Comisi\u00f3n\" \/>\n\t<meta name=\"robots\" content=\"max-image-preview:large\" \/>\n\t<meta name=\"author\" content=\"EnergiesNet\"\/>\n\t<link rel=\"canonical\" href=\"https:\/\/energiesnet.com\/espanol\/el-parlamento-europeo-respalda-el-sello-verde-de-la-ue-al-gas-y-la-energia-nuclear-afp\/\" \/>\n\t<meta name=\"generator\" content=\"All in One SEO (AIOSEO) 5.0.1.1\" \/>\n\t\t<meta property=\"og:locale\" content=\"es_ES\" \/>\n\t\t<meta property=\"og:site_name\" content=\"EnergiestNet - Latin America Energy, Oil ,  Gas &amp; Renewals\" \/>\n\t\t<meta property=\"og:type\" content=\"article\" \/>\n\t\t<meta property=\"og:title\" content=\"El Parlamento Europeo respalda el sello \u00abverde\u00bb de la UE al gas y la energ\u00eda nuclear -AFP - EnergiestNet\" \/>\n\t\t<meta property=\"og:description\" content=\"AFP ESTRASBURGO EnergiesNet.com 08 07 2022 La plenaria del Parlamento Europeo aprob\u00f3 este mi\u00e9rcoles conceder el sello &quot;verde&quot; de la Uni\u00f3n Europea (UE) al gas y la energ\u00eda nuclear, dos fuentes de energ\u00eda reconocidas como necesarias para enfrentar los efectos del cambio clim\u00e1tico. El controvertido texto, que hab\u00eda sido anunciado en enero por la Comisi\u00f3n\" \/>\n\t\t<meta property=\"og:url\" content=\"https:\/\/energiesnet.com\/espanol\/el-parlamento-europeo-respalda-el-sello-verde-de-la-ue-al-gas-y-la-energia-nuclear-afp\/\" \/>\n\t\t<meta property=\"og:image\" content=\"https:\/\/energiesnet.com\/espanol\" \/>\n\t\t<meta property=\"og:image:secure_url\" content=\"https:\/\/energiesnet.com\/espanol\" \/>\n\t\t<meta property=\"article:published_time\" content=\"2022-07-08T15:19:31+00:00\" \/>\n\t\t<meta property=\"article:modified_time\" content=\"2022-07-08T15:19:33+00:00\" \/>\n\t\t<meta property=\"article:publisher\" content=\"https:\/\/www.facebook.com\/\/EnergiesNet\" \/>\n\t\t<meta name=\"twitter:card\" content=\"summary_large_image\" \/>\n\t\t<meta name=\"twitter:site\" content=\"@EnergiesNet1\" \/>\n\t\t<meta name=\"twitter:title\" content=\"El Parlamento Europeo respalda el sello \u00abverde\u00bb de la UE al gas y la energ\u00eda nuclear -AFP - EnergiestNet\" \/>\n\t\t<meta name=\"twitter:description\" content=\"AFP ESTRASBURGO EnergiesNet.com 08 07 2022 La plenaria del Parlamento Europeo aprob\u00f3 este mi\u00e9rcoles conceder el sello &quot;verde&quot; de la Uni\u00f3n Europea (UE) al gas y la energ\u00eda nuclear, dos fuentes de energ\u00eda reconocidas como necesarias para enfrentar los efectos del cambio clim\u00e1tico. El controvertido texto, que hab\u00eda sido anunciado en enero por la Comisi\u00f3n\" \/>\n\t\t<meta name=\"twitter:creator\" content=\"@EnergiesNet1\" \/>\n\t\t<meta name=\"twitter:image\" content=\"https:\/\/energiesnet.com\/espanol\" \/>\n\t\t<script type=\"application\/ld+json\" class=\"aioseo-schema\">\n\t\t\t{\"@context\":\"https:\\\/\\\/schema.org\",\"@graph\":[{\"@type\":\"BlogPosting\",\"@id\":\"https:\\\/\\\/energiesnet.com\\\/espanol\\\/el-parlamento-europeo-respalda-el-sello-verde-de-la-ue-al-gas-y-la-energia-nuclear-afp\\\/#blogposting\",\"name\":\"El Parlamento Europeo respalda el sello \\u00abverde\\u00bb de la UE al gas y la energ\\u00eda nuclear -AFP - EnergiestNet\",\"headline\":\"El Parlamento Europeo respalda el sello \\u00abverde\\u00bb de la UE al gas y la energ\\u00eda nuclear -AFP\",\"author\":{\"@id\":\"https:\\\/\\\/energiesnet.com\\\/espanol\\\/author\\\/elioohep\\\/#author\"},\"publisher\":{\"@id\":\"https:\\\/\\\/energiesnet.com\\\/espanol\\\/#organization\"},\"image\":{\"@type\":\"ImageObject\",\"url\":\"https:\\\/\\\/energiesnet.com\\\/espanol\\\/wp-content\\\/uploads\\\/2022\\\/07\\\/ue_parliament-afp.jpg\",\"width\":600,\"height\":400},\"datePublished\":\"2022-07-08T11:19:31-04:00\",\"dateModified\":\"2022-07-08T11:19:33-04:00\",\"inLanguage\":\"es-ES\",\"mainEntityOfPage\":{\"@id\":\"https:\\\/\\\/energiesnet.com\\\/espanol\\\/el-parlamento-europeo-respalda-el-sello-verde-de-la-ue-al-gas-y-la-energia-nuclear-afp\\\/#webpage\"},\"isPartOf\":{\"@id\":\"https:\\\/\\\/energiesnet.com\\\/espanol\\\/el-parlamento-europeo-respalda-el-sello-verde-de-la-ue-al-gas-y-la-energia-nuclear-afp\\\/#webpage\"},\"articleSection\":\"Noticias Diarias\"},{\"@type\":\"BreadcrumbList\",\"@id\":\"https:\\\/\\\/energiesnet.com\\\/espanol\\\/el-parlamento-europeo-respalda-el-sello-verde-de-la-ue-al-gas-y-la-energia-nuclear-afp\\\/#breadcrumblist\",\"itemListElement\":[{\"@type\":\"ListItem\",\"@id\":\"https:\\\/\\\/energiesnet.com\\\/espanol#listItem\",\"position\":1,\"name\":\"Inicio\",\"item\":\"https:\\\/\\\/energiesnet.com\\\/espanol\",\"nextItem\":{\"@type\":\"ListItem\",\"@id\":\"https:\\\/\\\/energiesnet.com\\\/espanol\\\/category\\\/noticias-diarias\\\/#listItem\",\"name\":\"Noticias Diarias\"}},{\"@type\":\"ListItem\",\"@id\":\"https:\\\/\\\/energiesnet.com\\\/espanol\\\/category\\\/noticias-diarias\\\/#listItem\",\"position\":2,\"name\":\"Noticias Diarias\",\"item\":\"https:\\\/\\\/energiesnet.com\\\/espanol\\\/category\\\/noticias-diarias\\\/\",\"nextItem\":{\"@type\":\"ListItem\",\"@id\":\"https:\\\/\\\/energiesnet.com\\\/espanol\\\/el-parlamento-europeo-respalda-el-sello-verde-de-la-ue-al-gas-y-la-energia-nuclear-afp\\\/#listItem\",\"name\":\"El Parlamento Europeo respalda el sello \\u00abverde\\u00bb de la UE al gas y la energ\\u00eda nuclear -AFP\"},\"previousItem\":{\"@type\":\"ListItem\",\"@id\":\"https:\\\/\\\/energiesnet.com\\\/espanol#listItem\",\"name\":\"Inicio\"}},{\"@type\":\"ListItem\",\"@id\":\"https:\\\/\\\/energiesnet.com\\\/espanol\\\/el-parlamento-europeo-respalda-el-sello-verde-de-la-ue-al-gas-y-la-energia-nuclear-afp\\\/#listItem\",\"position\":3,\"name\":\"El Parlamento Europeo respalda el sello \\u00abverde\\u00bb de la UE al gas y la energ\\u00eda nuclear -AFP\",\"previousItem\":{\"@type\":\"ListItem\",\"@id\":\"https:\\\/\\\/energiesnet.com\\\/espanol\\\/category\\\/noticias-diarias\\\/#listItem\",\"name\":\"Noticias Diarias\"}}]},{\"@type\":\"Organization\",\"@id\":\"https:\\\/\\\/energiesnet.com\\\/espanol\\\/#organization\",\"name\":\"EnergiestNet\",\"description\":\"Latin America Energy, Oil ,  Gas & Renewals\",\"url\":\"https:\\\/\\\/energiesnet.com\\\/espanol\\\/\",\"telephone\":\"+584142763041\",\"logo\":{\"@type\":\"ImageObject\",\"url\":\"https:\\\/\\\/energiesnet.com\\\/espanol\\\/wp-content\\\/uploads\\\/2022\\\/12\\\/EnergiesNet-Logo-200.jpg\",\"@id\":\"https:\\\/\\\/energiesnet.com\\\/espanol\\\/el-parlamento-europeo-respalda-el-sello-verde-de-la-ue-al-gas-y-la-energia-nuclear-afp\\\/#organizationLogo\",\"width\":200,\"height\":220},\"image\":{\"@id\":\"https:\\\/\\\/energiesnet.com\\\/espanol\\\/el-parlamento-europeo-respalda-el-sello-verde-de-la-ue-al-gas-y-la-energia-nuclear-afp\\\/#organizationLogo\"},\"sameAs\":[\"https:\\\/\\\/www.facebook.com\\\/\\\/EnergiesNet\",\"https:\\\/\\\/twitter.com\\\/EnergiesNet1\",\"https:\\\/\\\/www.instagram.com\\\/energiesnet\\\/\",\"https:\\\/\\\/linkedin.com\\\/in\\\/elio-ohep-a465b78\"]},{\"@type\":\"Person\",\"@id\":\"https:\\\/\\\/energiesnet.com\\\/espanol\\\/author\\\/elioohep\\\/#author\",\"url\":\"https:\\\/\\\/energiesnet.com\\\/espanol\\\/author\\\/elioohep\\\/\",\"name\":\"EnergiesNet\",\"image\":{\"@type\":\"ImageObject\",\"@id\":\"https:\\\/\\\/energiesnet.com\\\/espanol\\\/el-parlamento-europeo-respalda-el-sello-verde-de-la-ue-al-gas-y-la-energia-nuclear-afp\\\/#authorImage\",\"url\":\"https:\\\/\\\/secure.gravatar.com\\\/avatar\\\/5412deb1089370e2bdf1d1310563df78bf3dc9f9e388ca5748bced95cfdb664b?s=96&d=mm&r=g\",\"width\":96,\"height\":96,\"caption\":\"EnergiesNet\"}},{\"@type\":\"WebPage\",\"@id\":\"https:\\\/\\\/energiesnet.com\\\/espanol\\\/el-parlamento-europeo-respalda-el-sello-verde-de-la-ue-al-gas-y-la-energia-nuclear-afp\\\/#webpage\",\"url\":\"https:\\\/\\\/energiesnet.com\\\/espanol\\\/el-parlamento-europeo-respalda-el-sello-verde-de-la-ue-al-gas-y-la-energia-nuclear-afp\\\/\",\"name\":\"El Parlamento Europeo respalda el sello \\u00abverde\\u00bb de la UE al gas y la energ\\u00eda nuclear -AFP - EnergiestNet\",\"description\":\"AFP ESTRASBURGO EnergiesNet.com 08 07 2022 La plenaria del Parlamento Europeo aprob\\u00f3 este mi\\u00e9rcoles conceder el sello \\\"verde\\\" de la Uni\\u00f3n Europea (UE) al gas y la energ\\u00eda nuclear, dos fuentes de energ\\u00eda reconocidas como necesarias para enfrentar los efectos del cambio clim\\u00e1tico. El controvertido texto, que hab\\u00eda sido anunciado en enero por la Comisi\\u00f3n\",\"inLanguage\":\"es-ES\",\"isPartOf\":{\"@id\":\"https:\\\/\\\/energiesnet.com\\\/espanol\\\/#website\"},\"breadcrumb\":{\"@id\":\"https:\\\/\\\/energiesnet.com\\\/espanol\\\/el-parlamento-europeo-respalda-el-sello-verde-de-la-ue-al-gas-y-la-energia-nuclear-afp\\\/#breadcrumblist\"},\"author\":{\"@id\":\"https:\\\/\\\/energiesnet.com\\\/espanol\\\/author\\\/elioohep\\\/#author\"},\"creator\":{\"@id\":\"https:\\\/\\\/energiesnet.com\\\/espanol\\\/author\\\/elioohep\\\/#author\"},\"image\":{\"@type\":\"ImageObject\",\"url\":\"https:\\\/\\\/energiesnet.com\\\/espanol\\\/wp-content\\\/uploads\\\/2022\\\/07\\\/ue_parliament-afp.jpg\",\"@id\":\"https:\\\/\\\/energiesnet.com\\\/espanol\\\/el-parlamento-europeo-respalda-el-sello-verde-de-la-ue-al-gas-y-la-energia-nuclear-afp\\\/#mainImage\",\"width\":600,\"height\":400},\"primaryImageOfPage\":{\"@id\":\"https:\\\/\\\/energiesnet.com\\\/espanol\\\/el-parlamento-europeo-respalda-el-sello-verde-de-la-ue-al-gas-y-la-energia-nuclear-afp\\\/#mainImage\"},\"datePublished\":\"2022-07-08T11:19:31-04:00\",\"dateModified\":\"2022-07-08T11:19:33-04:00\"},{\"@type\":\"WebSite\",\"@id\":\"https:\\\/\\\/energiesnet.com\\\/espanol\\\/#website\",\"url\":\"https:\\\/\\\/energiesnet.com\\\/espanol\\\/\",\"name\":\"EnergiestNet\",\"description\":\"Latin America Energy, Oil ,  Gas & Renewals\",\"inLanguage\":\"es-ES\",\"publisher\":{\"@id\":\"https:\\\/\\\/energiesnet.com\\\/espanol\\\/#organization\"}}]}\n\t\t<\/script>\n\t\t<!-- All in One SEO -->\n\n","aioseo_head_json":{"title":"El Parlamento Europeo respalda el sello \u00abverde\u00bb de la UE al gas y la energ\u00eda nuclear -AFP - EnergiestNet","description":"AFP ESTRASBURGO EnergiesNet.com 08 07 2022 La plenaria del Parlamento Europeo aprob\u00f3 este mi\u00e9rcoles conceder el sello \"verde\" de la Uni\u00f3n Europea (UE) al gas y la energ\u00eda nuclear, dos fuentes de energ\u00eda reconocidas como necesarias para enfrentar los efectos del cambio clim\u00e1tico. El controvertido texto, que hab\u00eda sido anunciado en enero por la Comisi\u00f3n","canonical_url":"https:\/\/energiesnet.com\/espanol\/el-parlamento-europeo-respalda-el-sello-verde-de-la-ue-al-gas-y-la-energia-nuclear-afp\/","robots":"max-image-preview:large","keywords":"","webmasterTools":{"miscellaneous":""},"schema":{"@context":"https:\/\/schema.org","@graph":[{"@type":"BlogPosting","@id":"https:\/\/energiesnet.com\/espanol\/el-parlamento-europeo-respalda-el-sello-verde-de-la-ue-al-gas-y-la-energia-nuclear-afp\/#blogposting","name":"El Parlamento Europeo respalda el sello \u00abverde\u00bb de la UE al gas y la energ\u00eda nuclear -AFP - EnergiestNet","headline":"El Parlamento Europeo respalda el sello \u00abverde\u00bb de la UE al gas y la energ\u00eda nuclear -AFP","author":{"@id":"https:\/\/energiesnet.com\/espanol\/author\/elioohep\/#author"},"publisher":{"@id":"https:\/\/energiesnet.com\/espanol\/#organization"},"image":{"@type":"ImageObject","url":"https:\/\/energiesnet.com\/espanol\/wp-content\/uploads\/2022\/07\/ue_parliament-afp.jpg","width":600,"height":400},"datePublished":"2022-07-08T11:19:31-04:00","dateModified":"2022-07-08T11:19:33-04:00","inLanguage":"es-ES","mainEntityOfPage":{"@id":"https:\/\/energiesnet.com\/espanol\/el-parlamento-europeo-respalda-el-sello-verde-de-la-ue-al-gas-y-la-energia-nuclear-afp\/#webpage"},"isPartOf":{"@id":"https:\/\/energiesnet.com\/espanol\/el-parlamento-europeo-respalda-el-sello-verde-de-la-ue-al-gas-y-la-energia-nuclear-afp\/#webpage"},"articleSection":"Noticias Diarias"},{"@type":"BreadcrumbList","@id":"https:\/\/energiesnet.com\/espanol\/el-parlamento-europeo-respalda-el-sello-verde-de-la-ue-al-gas-y-la-energia-nuclear-afp\/#breadcrumblist","itemListElement":[{"@type":"ListItem","@id":"https:\/\/energiesnet.com\/espanol#listItem","position":1,"name":"Inicio","item":"https:\/\/energiesnet.com\/espanol","nextItem":{"@type":"ListItem","@id":"https:\/\/energiesnet.com\/espanol\/category\/noticias-diarias\/#listItem","name":"Noticias Diarias"}},{"@type":"ListItem","@id":"https:\/\/energiesnet.com\/espanol\/category\/noticias-diarias\/#listItem","position":2,"name":"Noticias Diarias","item":"https:\/\/energiesnet.com\/espanol\/category\/noticias-diarias\/","nextItem":{"@type":"ListItem","@id":"https:\/\/energiesnet.com\/espanol\/el-parlamento-europeo-respalda-el-sello-verde-de-la-ue-al-gas-y-la-energia-nuclear-afp\/#listItem","name":"El Parlamento Europeo respalda el sello \u00abverde\u00bb de la UE al gas y la energ\u00eda nuclear -AFP"},"previousItem":{"@type":"ListItem","@id":"https:\/\/energiesnet.com\/espanol#listItem","name":"Inicio"}},{"@type":"ListItem","@id":"https:\/\/energiesnet.com\/espanol\/el-parlamento-europeo-respalda-el-sello-verde-de-la-ue-al-gas-y-la-energia-nuclear-afp\/#listItem","position":3,"name":"El Parlamento Europeo respalda el sello \u00abverde\u00bb de la UE al gas y la energ\u00eda nuclear -AFP","previousItem":{"@type":"ListItem","@id":"https:\/\/energiesnet.com\/espanol\/category\/noticias-diarias\/#listItem","name":"Noticias Diarias"}}]},{"@type":"Organization","@id":"https:\/\/energiesnet.com\/espanol\/#organization","name":"EnergiestNet","description":"Latin America Energy, Oil ,  Gas & Renewals","url":"https:\/\/energiesnet.com\/espanol\/","telephone":"+584142763041","logo":{"@type":"ImageObject","url":"https:\/\/energiesnet.com\/espanol\/wp-content\/uploads\/2022\/12\/EnergiesNet-Logo-200.jpg","@id":"https:\/\/energiesnet.com\/espanol\/el-parlamento-europeo-respalda-el-sello-verde-de-la-ue-al-gas-y-la-energia-nuclear-afp\/#organizationLogo","width":200,"height":220},"image":{"@id":"https:\/\/energiesnet.com\/espanol\/el-parlamento-europeo-respalda-el-sello-verde-de-la-ue-al-gas-y-la-energia-nuclear-afp\/#organizationLogo"},"sameAs":["https:\/\/www.facebook.com\/\/EnergiesNet","https:\/\/twitter.com\/EnergiesNet1","https:\/\/www.instagram.com\/energiesnet\/","https:\/\/linkedin.com\/in\/elio-ohep-a465b78"]},{"@type":"Person","@id":"https:\/\/energiesnet.com\/espanol\/author\/elioohep\/#author","url":"https:\/\/energiesnet.com\/espanol\/author\/elioohep\/","name":"EnergiesNet","image":{"@type":"ImageObject","@id":"https:\/\/energiesnet.com\/espanol\/el-parlamento-europeo-respalda-el-sello-verde-de-la-ue-al-gas-y-la-energia-nuclear-afp\/#authorImage","url":"https:\/\/secure.gravatar.com\/avatar\/5412deb1089370e2bdf1d1310563df78bf3dc9f9e388ca5748bced95cfdb664b?s=96&d=mm&r=g","width":96,"height":96,"caption":"EnergiesNet"}},{"@type":"WebPage","@id":"https:\/\/energiesnet.com\/espanol\/el-parlamento-europeo-respalda-el-sello-verde-de-la-ue-al-gas-y-la-energia-nuclear-afp\/#webpage","url":"https:\/\/energiesnet.com\/espanol\/el-parlamento-europeo-respalda-el-sello-verde-de-la-ue-al-gas-y-la-energia-nuclear-afp\/","name":"El Parlamento Europeo respalda el sello \u00abverde\u00bb de la UE al gas y la energ\u00eda nuclear -AFP - EnergiestNet","description":"AFP ESTRASBURGO EnergiesNet.com 08 07 2022 La plenaria del Parlamento Europeo aprob\u00f3 este mi\u00e9rcoles conceder el sello \"verde\" de la Uni\u00f3n Europea (UE) al gas y la energ\u00eda nuclear, dos fuentes de energ\u00eda reconocidas como necesarias para enfrentar los efectos del cambio clim\u00e1tico. El controvertido texto, que hab\u00eda sido anunciado en enero por la Comisi\u00f3n","inLanguage":"es-ES","isPartOf":{"@id":"https:\/\/energiesnet.com\/espanol\/#website"},"breadcrumb":{"@id":"https:\/\/energiesnet.com\/espanol\/el-parlamento-europeo-respalda-el-sello-verde-de-la-ue-al-gas-y-la-energia-nuclear-afp\/#breadcrumblist"},"author":{"@id":"https:\/\/energiesnet.com\/espanol\/author\/elioohep\/#author"},"creator":{"@id":"https:\/\/energiesnet.com\/espanol\/author\/elioohep\/#author"},"image":{"@type":"ImageObject","url":"https:\/\/energiesnet.com\/espanol\/wp-content\/uploads\/2022\/07\/ue_parliament-afp.jpg","@id":"https:\/\/energiesnet.com\/espanol\/el-parlamento-europeo-respalda-el-sello-verde-de-la-ue-al-gas-y-la-energia-nuclear-afp\/#mainImage","width":600,"height":400},"primaryImageOfPage":{"@id":"https:\/\/energiesnet.com\/espanol\/el-parlamento-europeo-respalda-el-sello-verde-de-la-ue-al-gas-y-la-energia-nuclear-afp\/#mainImage"},"datePublished":"2022-07-08T11:19:31-04:00","dateModified":"2022-07-08T11:19:33-04:00"},{"@type":"WebSite","@id":"https:\/\/energiesnet.com\/espanol\/#website","url":"https:\/\/energiesnet.com\/espanol\/","name":"EnergiestNet","description":"Latin America Energy, Oil ,  Gas & Renewals","inLanguage":"es-ES","publisher":{"@id":"https:\/\/energiesnet.com\/espanol\/#organization"}}]},"og:locale":"es_ES","og:site_name":"EnergiestNet - Latin America Energy, Oil ,  Gas &amp; Renewals","og:type":"article","og:title":"El Parlamento Europeo respalda el sello \u00abverde\u00bb de la UE al gas y la energ\u00eda nuclear -AFP - EnergiestNet","og:description":"AFP ESTRASBURGO EnergiesNet.com 08 07 2022 La plenaria del Parlamento Europeo aprob\u00f3 este mi\u00e9rcoles conceder el sello &quot;verde&quot; de la Uni\u00f3n Europea (UE) al gas y la energ\u00eda nuclear, dos fuentes de energ\u00eda reconocidas como necesarias para enfrentar los efectos del cambio clim\u00e1tico. El controvertido texto, que hab\u00eda sido anunciado en enero por la Comisi\u00f3n","og:url":"https:\/\/energiesnet.com\/espanol\/el-parlamento-europeo-respalda-el-sello-verde-de-la-ue-al-gas-y-la-energia-nuclear-afp\/","og:image":"https:\/\/energiesnet.com\/espanol","og:image:secure_url":"https:\/\/energiesnet.com\/espanol","article:published_time":"2022-07-08T15:19:31+00:00","article:modified_time":"2022-07-08T15:19:33+00:00","article:publisher":"https:\/\/www.facebook.com\/\/EnergiesNet","twitter:card":"summary_large_image","twitter:site":"@EnergiesNet1","twitter:title":"El Parlamento Europeo respalda el sello \u00abverde\u00bb de la UE al gas y la energ\u00eda nuclear -AFP - EnergiestNet","twitter:description":"AFP ESTRASBURGO EnergiesNet.com 08 07 2022 La plenaria del Parlamento Europeo aprob\u00f3 este mi\u00e9rcoles conceder el sello &quot;verde&quot; de la Uni\u00f3n Europea (UE) al gas y la energ\u00eda nuclear, dos fuentes de energ\u00eda reconocidas como necesarias para enfrentar los efectos del cambio clim\u00e1tico. El controvertido texto, que hab\u00eda sido anunciado en enero por la Comisi\u00f3n","twitter:creator":"@EnergiesNet1","twitter:image":"https:\/\/energiesnet.com\/espanol"},"aioseo_meta_data":{"post_id":"9640","title":null,"description":null,"keywords":null,"keyphrases":null,"primary_term":null,"canonical_url":null,"og_title":null,"og_description":null,"og_object_type":"default","og_image_type":"default","og_image_url":null,"og_image_width":null,"og_image_height":null,"og_image_custom_url":null,"og_image_custom_fields":null,"og_video":null,"og_custom_url":null,"og_article_section":null,"og_article_tags":null,"twitter_use_og":false,"twitter_card":"default","twitter_image_type":"default","twitter_image_url":null,"twitter_image_custom_url":null,"twitter_image_custom_fields":null,"twitter_title":null,"twitter_description":null,"schema":{"blockGraphs":[],"customGraphs":[],"default":{"data":{"Article":[],"Course":[],"Dataset":[],"FAQPage":[],"Movie":[],"Person":[],"Product":[],"ProductReview":[],"Car":[],"Recipe":[],"Service":[],"SoftwareApplication":[],"WebPage":[]},"graphName":"","isEnabled":true},"graphs":[]},"schema_type":"default","schema_type_options":null,"pillar_content":false,"robots_default":true,"robots_noindex":false,"robots_noarchive":false,"robots_nosnippet":false,"robots_nofollow":false,"robots_noimageindex":false,"robots_noodp":false,"robots_notranslate":false,"robots_max_snippet":null,"robots_max_videopreview":null,"robots_max_imagepreview":"large","priority":null,"frequency":null,"local_seo":null,"breadcrumb_settings":null,"limit_modified_date":false,"ai":null,"created":"2022-12-14 16:50:30","updated":"2025-06-04 12:18:12","seo_analyzer_scan_date":null,"focus_keyword":null,"additional_keywords":null,"truseo_locale":null},"aioseo_breadcrumb":"<div class=\"aioseo-breadcrumbs\"><span class=\"aioseo-breadcrumb\">\n\t\t\t<a href=\"https:\/\/energiesnet.com\/espanol\" title=\"Inicio\">Inicio<\/a>\n\t\t<\/span><span class=\"aioseo-breadcrumb-separator\">&raquo;<\/span><span class=\"aioseo-breadcrumb\">\n\t\t\t<a href=\"https:\/\/energiesnet.com\/espanol\/category\/noticias-diarias\/\" title=\"Noticias Diarias\">Noticias Diarias<\/a>\n\t\t<\/span><span class=\"aioseo-breadcrumb-separator\">&raquo;<\/span><span class=\"aioseo-breadcrumb\">\n\t\t\tEl Parlamento Europeo respalda el sello \u00abverde\u00bb de la UE al gas y la energ\u00eda nuclear -AFP\n\t\t<\/span><\/div>","aioseo_breadcrumb_json":[{"label":"Inicio","link":"https:\/\/energiesnet.com\/espanol"},{"label":"Noticias Diarias","link":"https:\/\/energiesnet.com\/espanol\/category\/noticias-diarias\/"},{"label":"El Parlamento Europeo respalda el sello \u00abverde\u00bb de la UE al gas y la energ\u00eda nuclear -AFP","link":"https:\/\/energiesnet.com\/espanol\/el-parlamento-europeo-respalda-el-sello-verde-de-la-ue-al-gas-y-la-energia-nuclear-afp\/"}],"_links":{"self":[{"href":"https:\/\/energiesnet.com\/espanol\/wp-json\/wp\/v2\/posts\/9640","targetHints":{"allow":["GET"]}}],"collection":[{"href":"https:\/\/energiesnet.com\/espanol\/wp-json\/wp\/v2\/posts"}],"about":[{"href":"https:\/\/energiesnet.com\/espanol\/wp-json\/wp\/v2\/types\/post"}],"author":[{"embeddable":true,"href":"https:\/\/energiesnet.com\/espanol\/wp-json\/wp\/v2\/users\/2"}],"replies":[{"embeddable":true,"href":"https:\/\/energiesnet.com\/espanol\/wp-json\/wp\/v2\/comments?post=9640"}],"version-history":[{"count":0,"href":"https:\/\/energiesnet.com\/espanol\/wp-json\/wp\/v2\/posts\/9640\/revisions"}],"wp:featuredmedia":[{"embeddable":true,"href":"https:\/\/energiesnet.com\/espanol\/wp-json\/wp\/v2\/media\/9641"}],"wp:attachment":[{"href":"https:\/\/energiesnet.com\/espanol\/wp-json\/wp\/v2\/media?parent=9640"}],"wp:term":[{"taxonomy":"category","embeddable":true,"href":"https:\/\/energiesnet.com\/espanol\/wp-json\/wp\/v2\/categories?post=9640"},{"taxonomy":"post_tag","embeddable":true,"href":"https:\/\/energiesnet.com\/espanol\/wp-json\/wp\/v2\/tags?post=9640"}],"curies":[{"name":"wp","href":"https:\/\/api.w.org\/{rel}","templated":true}]}}