{"id":9777,"date":"2022-07-14T07:05:54","date_gmt":"2022-07-14T11:05:54","guid":{"rendered":"https:\/\/energiesnet.com\/espanol\/?p=9777"},"modified":"2022-07-14T07:05:56","modified_gmt":"2022-07-14T11:05:56","slug":"como-valoran-los-mexicanos-a-los-paises-de-america-ruben-aguilar-v","status":"publish","type":"post","link":"https:\/\/energiesnet.com\/espanol\/como-valoran-los-mexicanos-a-los-paises-de-america-ruben-aguilar-v\/","title":{"rendered":"\u00bfC\u00f3mo valoran los mexicanos a los pa\u00edses de Am\u00e9rica?-Rub\u00e9n Aguilar V."},"content":{"rendered":"\n<figure class=\"wp-block-image size-full\"><img fetchpriority=\"high\" decoding=\"async\" width=\"600\" height=\"400\" src=\"https:\/\/energiesnet.com\/espanol\/wp-content\/uploads\/2022\/07\/ruben_aguilar_600-4-4.jpg\" alt=\"\" class=\"wp-image-9778\" srcset=\"https:\/\/energiesnet.com\/espanol\/wp-content\/uploads\/2022\/07\/ruben_aguilar_600-4-4.jpg 600w, https:\/\/energiesnet.com\/espanol\/wp-content\/uploads\/2022\/07\/ruben_aguilar_600-4-4-300x200.jpg 300w\" sizes=\"(max-width: 600px) 100vw, 600px\" \/><figcaption>Rub\u00e9n Aguilar Valenzuela<\/figcaption><\/figure>\n\n\n\n<p class=\"wp-block-paragraph\">A finales del mes de mayo Consulta Mitofsky hizo una encuesta nacional sobre la valoraci\u00f3n que las y los mexicanos tienen de los pa\u00edses de Am\u00e9rica.<br>\u00a0<br>Los mejor valorados son Canad\u00e1 con 62% de opini\u00f3n buena y 7.0% de opini\u00f3n mala y Estados Unidos con 44.6% de opini\u00f3n buena y 14.2% de opini\u00f3n mala.<br>\u00a0<br>M\u00e9xico con ellos forma parte de Am\u00e9rica del Norte y los tres son socios del TEC-MEC, que es el tratado comercial m\u00e1s importante que tienen estos pa\u00edses.<br>\u00a0<br>M\u00e1s all\u00e1 de cualquier discurso estridente, hay un proceso sistem\u00e1tico de integraci\u00f3n de la econom\u00eda de estas naciones, pero, cada vez m\u00e1s, tambi\u00e9n de otros espacios de la vida.<br>\u00a0<br>Los pa\u00edses peor valorados son Venezuela con 47% de opini\u00f3n mala y 14.1% de opini\u00f3n buena; Cuba con 42.2% de opini\u00f3n mala y 22.8% de opini\u00f3n buena y Nicaragua con 39.7% de opini\u00f3n mala y 12.6% de opini\u00f3n buena.<br>\u00a0<br>En esta valoraci\u00f3n seguramente influye que la sociedad mexicana identifica a estos pa\u00edses como dictaduras donde no hay libertad y se reprime a quienes no se alinean al r\u00e9gimen.<br>\u00a0<br>Los pa\u00edses de Centroam\u00e9rica no est\u00e1n bien valorados. De Guatemala el 27.0% tiene una opini\u00f3n mala y 20.3% una opini\u00f3n buena; de Honduras el 33.9% tiene una opini\u00f3n mala y el 16.7% buena y de El Salvador el 29.2% tiene una opini\u00f3n mala y el 16.6% una opini\u00f3n buena. Belice es la excepci\u00f3n con 20.4% que tiene una opini\u00f3n buena y el 9.0% una opini\u00f3n mala.<br>\u00a0<br>Es probable que en esta valoraci\u00f3n influya que la sociedad mexicana ve a esos pa\u00edses como pobres y violentos, lo que obliga a su poblaci\u00f3n a emigrar.<br>\u00a0<br>A las dos democracias m\u00e1s desarrolladas de Am\u00e9rica Latina, que son Uruguay y Chile, les va bien. De Uruguay el 31.8% tiene una opini\u00f3n buena y el 6.8% una opini\u00f3n mala y de Chile el 28.3% tiene una opini\u00f3n buena y el 10.0% mala.<br>\u00a0<br>Es probable que esa valoraci\u00f3n est\u00e9 ligada a que la sociedad mexicana identifica que en esos pa\u00edses es donde menos pobreza existe en la regi\u00f3n y que los servicios p\u00fablicos son de buena calidad.<br>\u00a0<br>La valoraci\u00f3n de los pa\u00edses m\u00e1s grandes de Am\u00e9rica del Sur es positiva. De Brasil el 29.3% tiene una opini\u00f3n buena y el 13.9% una opini\u00f3n mala y de Argentina el 18.6% una opini\u00f3n buena y el 15.0% una opini\u00f3n mala.<br>\u00a0<br>En M\u00e9xico estos pa\u00edses est\u00e1n muy presentes por el futbol y su m\u00fasica. Hay una afici\u00f3n grande que sigue el desarrollo de la liga en Brasil y Argentina.<br>\u00a0<br>De la encuesta se puede derivar que ahora la sociedad mexicana tiene la mejor opini\u00f3n de Canad\u00e1 y Estados Unidos, que como M\u00e9xico, forman parte de Am\u00e9rica del Norte.<br>\u00a0<br>Que valora bien a las democracias de Uruguay y Chile y que rechaza a las dictaduras de Venezuela, Cuba y Nicaragua. Y que no califica bien a los vecinos centroamericanos.<br>__________________________________________________________________<\/p>\n\n\n\n<p class=\"wp-block-paragraph\"><em><strong>Rub\u00e9n Aguilar Valenzuela<\/strong><\/em>, Socio fundador de Afan Consultores Internacionales, S.C. Doctor en Ciencias Sociales. Profesor en el Departamento de Comunicaciones y Ciencias Pol\u00edticas de la Universidad Iberoamericana. Articulista en diversos peri\u00f3dicos y revistas. Fue Fundador y director de la Agencia Salpress del FMLN, el Salvador. coordinador de la Secretar\u00eda Particular de la presidencia de Fox (2002-2004) y portavoz del gobierno (2004-2006). Sus \u00faltimos libros en conjunto con Jorge Casta\u00f1eda son: La Diferencia: Radiograf\u00eda de un sexenio (2007) y El Narco: La Guerra Fallida (2009).<br>Twitter:&nbsp;<a href=\"https:\/\/twitter.com\/RubenAguilar\">@RubenAguilar,&nbsp;<\/a><a href=\"http:\/\/miscuadernos.com.mx.\/\">ruben@miscuadernos.com.mx<\/a>. Los puntos de vista expresados no necesariamente son los de EnergiesNet.<\/p>\n\n\n\n<p class=\"wp-block-paragraph\">Nota del Editor:\u00a0Este art\u00edculo fue originalmente publicado en \u00a0<em>Animal Pol\u00edtico,<\/em>\u00a014 de julio, 2022. Reproducimos el mismo en beneficio de los lectores.\u00a0EnergiesNet\u00a0en Espa\u00f1ol no se hace responsable por los juicios de valor emitidos por sus colaboradores y columnistas de opini\u00f3n y an\u00e1lisis.<\/p>\n\n\n\n<p class=\"wp-block-paragraph\">EnergiesNet alienta a las personas a reproducir, reimprimir, y divulgar a trav\u00e9s de los medios audiovisuales e Internet, los comentarios editoriales y de opini\u00f3n de EnergiesNet, siempre y cuando esa reproducci\u00f3n identifique, a el autor, y la fuente original, http:\/\/www.petroleumworld.com y se haga dentro de el uso normal (fair use) de la doctrina de la secci\u00f3n 107 de la Ley de derechos de autor de los Estados Unidos de Norteam\u00e9rica (US Copyright).<\/p>\n\n\n\n<p class=\"wp-block-paragraph\">EnergiesNet.com 07 14 2022<\/p>\n\n\n\n<p class=\"wp-block-paragraph\"><\/p>\n","protected":false},"excerpt":{"rendered":"<p>A finales del mes de mayo Consulta Mitofsky hizo una encuesta nacional sobre la valoraci\u00f3n que las y los mexicanos tienen de los pa\u00edses de Am\u00e9rica.\u00a0Los mejor valorados son Canad\u00e1 con 62% de opini\u00f3n buena y 7.0% de opini\u00f3n mala y Estados Unidos con 44.6% de opini\u00f3n buena y 14.2% de opini\u00f3n mala.\u00a0M\u00e9xico con ellos &hellip;<\/p>\n<p class=\"read-more\"> <a class=\"\" href=\"https:\/\/energiesnet.com\/espanol\/como-valoran-los-mexicanos-a-los-paises-de-america-ruben-aguilar-v\/\"> <span class=\"screen-reader-text\">\u00bfC\u00f3mo valoran los mexicanos a los pa\u00edses de Am\u00e9rica?-Rub\u00e9n Aguilar V.<\/span> Leer m\u00e1s &raquo;<\/a><\/p>\n","protected":false},"author":2,"featured_media":9778,"comment_status":"open","ping_status":"open","sticky":false,"template":"","format":"standard","meta":{"_monsterinsights_skip_tracking":false,"site-sidebar-layout":"default","site-content-layout":"default","ast-global-header-display":"","ast-main-header-display":"","ast-hfb-above-header-display":"","ast-hfb-below-header-display":"","ast-hfb-mobile-header-display":"","site-post-title":"","ast-breadcrumbs-content":"","ast-featured-img":"","footer-sml-layout":"","theme-transparent-header-meta":"","adv-header-id-meta":"","stick-header-meta":"","header-above-stick-meta":"","header-main-stick-meta":"","header-below-stick-meta":"","footnotes":""},"categories":[48,45],"tags":[],"class_list":["post-9777","post","type-post","status-publish","format-standard","has-post-thumbnail","hentry","category-comentario-del-dia","category-noticias-diarias"],"aioseo_notices":[],"aioseo_head":"\n\t\t<!-- All in One SEO 5.0.1.1 - aioseo.com -->\n\t<meta name=\"description\" content=\"A finales del mes de mayo Consulta Mitofsky hizo una encuesta nacional sobre la valoraci\u00f3n que las y los mexicanos tienen de los pa\u00edses de Am\u00e9rica. Los mejor valorados son Canad\u00e1 con 62% de opini\u00f3n buena y 7.0% de opini\u00f3n mala y Estados Unidos con 44.6% de opini\u00f3n buena y 14.2% de opini\u00f3n mala. M\u00e9xico con ellos\" \/>\n\t<meta name=\"robots\" content=\"max-image-preview:large\" \/>\n\t<meta name=\"author\" content=\"EnergiesNet\"\/>\n\t<link rel=\"canonical\" href=\"https:\/\/energiesnet.com\/espanol\/como-valoran-los-mexicanos-a-los-paises-de-america-ruben-aguilar-v\/\" \/>\n\t<meta name=\"generator\" content=\"All in One SEO (AIOSEO) 5.0.1.1\" \/>\n\t\t<meta property=\"og:locale\" content=\"es_ES\" \/>\n\t\t<meta property=\"og:site_name\" content=\"EnergiestNet - Latin America Energy, Oil ,  Gas &amp; Renewals\" \/>\n\t\t<meta property=\"og:type\" content=\"article\" \/>\n\t\t<meta property=\"og:title\" content=\"\u00bfC\u00f3mo valoran los mexicanos a los pa\u00edses de Am\u00e9rica?-Rub\u00e9n Aguilar V. - EnergiestNet\" \/>\n\t\t<meta property=\"og:description\" content=\"A finales del mes de mayo Consulta Mitofsky hizo una encuesta nacional sobre la valoraci\u00f3n que las y los mexicanos tienen de los pa\u00edses de Am\u00e9rica. Los mejor valorados son Canad\u00e1 con 62% de opini\u00f3n buena y 7.0% de opini\u00f3n mala y Estados Unidos con 44.6% de opini\u00f3n buena y 14.2% de opini\u00f3n mala. M\u00e9xico con ellos\" \/>\n\t\t<meta property=\"og:url\" content=\"https:\/\/energiesnet.com\/espanol\/como-valoran-los-mexicanos-a-los-paises-de-america-ruben-aguilar-v\/\" \/>\n\t\t<meta property=\"og:image\" content=\"https:\/\/energiesnet.com\/espanol\" \/>\n\t\t<meta property=\"og:image:secure_url\" content=\"https:\/\/energiesnet.com\/espanol\" \/>\n\t\t<meta property=\"article:published_time\" content=\"2022-07-14T11:05:54+00:00\" \/>\n\t\t<meta property=\"article:modified_time\" content=\"2022-07-14T11:05:56+00:00\" \/>\n\t\t<meta property=\"article:publisher\" content=\"https:\/\/www.facebook.com\/\/EnergiesNet\" \/>\n\t\t<meta name=\"twitter:card\" content=\"summary_large_image\" \/>\n\t\t<meta name=\"twitter:site\" content=\"@EnergiesNet1\" \/>\n\t\t<meta name=\"twitter:title\" content=\"\u00bfC\u00f3mo valoran los mexicanos a los pa\u00edses de Am\u00e9rica?-Rub\u00e9n Aguilar V. - EnergiestNet\" \/>\n\t\t<meta name=\"twitter:description\" content=\"A finales del mes de mayo Consulta Mitofsky hizo una encuesta nacional sobre la valoraci\u00f3n que las y los mexicanos tienen de los pa\u00edses de Am\u00e9rica. Los mejor valorados son Canad\u00e1 con 62% de opini\u00f3n buena y 7.0% de opini\u00f3n mala y Estados Unidos con 44.6% de opini\u00f3n buena y 14.2% de opini\u00f3n mala. M\u00e9xico con ellos\" \/>\n\t\t<meta name=\"twitter:creator\" content=\"@EnergiesNet1\" \/>\n\t\t<meta name=\"twitter:image\" content=\"https:\/\/energiesnet.com\/espanol\" \/>\n\t\t<script type=\"application\/ld+json\" class=\"aioseo-schema\">\n\t\t\t{\"@context\":\"https:\\\/\\\/schema.org\",\"@graph\":[{\"@type\":\"BlogPosting\",\"@id\":\"https:\\\/\\\/energiesnet.com\\\/espanol\\\/como-valoran-los-mexicanos-a-los-paises-de-america-ruben-aguilar-v\\\/#blogposting\",\"name\":\"\\u00bfC\\u00f3mo valoran los mexicanos a los pa\\u00edses de Am\\u00e9rica?-Rub\\u00e9n Aguilar V. - EnergiestNet\",\"headline\":\"\\u00bfC\\u00f3mo valoran los mexicanos a los pa\\u00edses de Am\\u00e9rica?-Rub\\u00e9n Aguilar V.\",\"author\":{\"@id\":\"https:\\\/\\\/energiesnet.com\\\/espanol\\\/author\\\/elioohep\\\/#author\"},\"publisher\":{\"@id\":\"https:\\\/\\\/energiesnet.com\\\/espanol\\\/#organization\"},\"image\":{\"@type\":\"ImageObject\",\"url\":\"https:\\\/\\\/energiesnet.com\\\/espanol\\\/wp-content\\\/uploads\\\/2022\\\/07\\\/ruben_aguilar_600-4-4.jpg\",\"width\":600,\"height\":400},\"datePublished\":\"2022-07-14T07:05:54-04:00\",\"dateModified\":\"2022-07-14T07:05:56-04:00\",\"inLanguage\":\"es-ES\",\"mainEntityOfPage\":{\"@id\":\"https:\\\/\\\/energiesnet.com\\\/espanol\\\/como-valoran-los-mexicanos-a-los-paises-de-america-ruben-aguilar-v\\\/#webpage\"},\"isPartOf\":{\"@id\":\"https:\\\/\\\/energiesnet.com\\\/espanol\\\/como-valoran-los-mexicanos-a-los-paises-de-america-ruben-aguilar-v\\\/#webpage\"},\"articleSection\":\"Comentario del d\\u00eda, Noticias Diarias\"},{\"@type\":\"BreadcrumbList\",\"@id\":\"https:\\\/\\\/energiesnet.com\\\/espanol\\\/como-valoran-los-mexicanos-a-los-paises-de-america-ruben-aguilar-v\\\/#breadcrumblist\",\"itemListElement\":[{\"@type\":\"ListItem\",\"@id\":\"https:\\\/\\\/energiesnet.com\\\/espanol#listItem\",\"position\":1,\"name\":\"Inicio\",\"item\":\"https:\\\/\\\/energiesnet.com\\\/espanol\",\"nextItem\":{\"@type\":\"ListItem\",\"@id\":\"https:\\\/\\\/energiesnet.com\\\/espanol\\\/category\\\/noticias-diarias\\\/#listItem\",\"name\":\"Noticias Diarias\"}},{\"@type\":\"ListItem\",\"@id\":\"https:\\\/\\\/energiesnet.com\\\/espanol\\\/category\\\/noticias-diarias\\\/#listItem\",\"position\":2,\"name\":\"Noticias Diarias\",\"item\":\"https:\\\/\\\/energiesnet.com\\\/espanol\\\/category\\\/noticias-diarias\\\/\",\"nextItem\":{\"@type\":\"ListItem\",\"@id\":\"https:\\\/\\\/energiesnet.com\\\/espanol\\\/como-valoran-los-mexicanos-a-los-paises-de-america-ruben-aguilar-v\\\/#listItem\",\"name\":\"\\u00bfC\\u00f3mo valoran los mexicanos a los pa\\u00edses de Am\\u00e9rica?-Rub\\u00e9n Aguilar V.\"},\"previousItem\":{\"@type\":\"ListItem\",\"@id\":\"https:\\\/\\\/energiesnet.com\\\/espanol#listItem\",\"name\":\"Inicio\"}},{\"@type\":\"ListItem\",\"@id\":\"https:\\\/\\\/energiesnet.com\\\/espanol\\\/como-valoran-los-mexicanos-a-los-paises-de-america-ruben-aguilar-v\\\/#listItem\",\"position\":3,\"name\":\"\\u00bfC\\u00f3mo valoran los mexicanos a los pa\\u00edses de Am\\u00e9rica?-Rub\\u00e9n Aguilar V.\",\"previousItem\":{\"@type\":\"ListItem\",\"@id\":\"https:\\\/\\\/energiesnet.com\\\/espanol\\\/category\\\/noticias-diarias\\\/#listItem\",\"name\":\"Noticias Diarias\"}}]},{\"@type\":\"Organization\",\"@id\":\"https:\\\/\\\/energiesnet.com\\\/espanol\\\/#organization\",\"name\":\"EnergiestNet\",\"description\":\"Latin America Energy, Oil ,  Gas & Renewals\",\"url\":\"https:\\\/\\\/energiesnet.com\\\/espanol\\\/\",\"telephone\":\"+584142763041\",\"logo\":{\"@type\":\"ImageObject\",\"url\":\"https:\\\/\\\/energiesnet.com\\\/espanol\\\/wp-content\\\/uploads\\\/2022\\\/12\\\/EnergiesNet-Logo-200.jpg\",\"@id\":\"https:\\\/\\\/energiesnet.com\\\/espanol\\\/como-valoran-los-mexicanos-a-los-paises-de-america-ruben-aguilar-v\\\/#organizationLogo\",\"width\":200,\"height\":220},\"image\":{\"@id\":\"https:\\\/\\\/energiesnet.com\\\/espanol\\\/como-valoran-los-mexicanos-a-los-paises-de-america-ruben-aguilar-v\\\/#organizationLogo\"},\"sameAs\":[\"https:\\\/\\\/www.facebook.com\\\/\\\/EnergiesNet\",\"https:\\\/\\\/twitter.com\\\/EnergiesNet1\",\"https:\\\/\\\/www.instagram.com\\\/energiesnet\\\/\",\"https:\\\/\\\/linkedin.com\\\/in\\\/elio-ohep-a465b78\"]},{\"@type\":\"Person\",\"@id\":\"https:\\\/\\\/energiesnet.com\\\/espanol\\\/author\\\/elioohep\\\/#author\",\"url\":\"https:\\\/\\\/energiesnet.com\\\/espanol\\\/author\\\/elioohep\\\/\",\"name\":\"EnergiesNet\",\"image\":{\"@type\":\"ImageObject\",\"@id\":\"https:\\\/\\\/energiesnet.com\\\/espanol\\\/como-valoran-los-mexicanos-a-los-paises-de-america-ruben-aguilar-v\\\/#authorImage\",\"url\":\"https:\\\/\\\/secure.gravatar.com\\\/avatar\\\/5412deb1089370e2bdf1d1310563df78bf3dc9f9e388ca5748bced95cfdb664b?s=96&d=mm&r=g\",\"width\":96,\"height\":96,\"caption\":\"EnergiesNet\"}},{\"@type\":\"WebPage\",\"@id\":\"https:\\\/\\\/energiesnet.com\\\/espanol\\\/como-valoran-los-mexicanos-a-los-paises-de-america-ruben-aguilar-v\\\/#webpage\",\"url\":\"https:\\\/\\\/energiesnet.com\\\/espanol\\\/como-valoran-los-mexicanos-a-los-paises-de-america-ruben-aguilar-v\\\/\",\"name\":\"\\u00bfC\\u00f3mo valoran los mexicanos a los pa\\u00edses de Am\\u00e9rica?-Rub\\u00e9n Aguilar V. - EnergiestNet\",\"description\":\"A finales del mes de mayo Consulta Mitofsky hizo una encuesta nacional sobre la valoraci\\u00f3n que las y los mexicanos tienen de los pa\\u00edses de Am\\u00e9rica. Los mejor valorados son Canad\\u00e1 con 62% de opini\\u00f3n buena y 7.0% de opini\\u00f3n mala y Estados Unidos con 44.6% de opini\\u00f3n buena y 14.2% de opini\\u00f3n mala. M\\u00e9xico con ellos\",\"inLanguage\":\"es-ES\",\"isPartOf\":{\"@id\":\"https:\\\/\\\/energiesnet.com\\\/espanol\\\/#website\"},\"breadcrumb\":{\"@id\":\"https:\\\/\\\/energiesnet.com\\\/espanol\\\/como-valoran-los-mexicanos-a-los-paises-de-america-ruben-aguilar-v\\\/#breadcrumblist\"},\"author\":{\"@id\":\"https:\\\/\\\/energiesnet.com\\\/espanol\\\/author\\\/elioohep\\\/#author\"},\"creator\":{\"@id\":\"https:\\\/\\\/energiesnet.com\\\/espanol\\\/author\\\/elioohep\\\/#author\"},\"image\":{\"@type\":\"ImageObject\",\"url\":\"https:\\\/\\\/energiesnet.com\\\/espanol\\\/wp-content\\\/uploads\\\/2022\\\/07\\\/ruben_aguilar_600-4-4.jpg\",\"@id\":\"https:\\\/\\\/energiesnet.com\\\/espanol\\\/como-valoran-los-mexicanos-a-los-paises-de-america-ruben-aguilar-v\\\/#mainImage\",\"width\":600,\"height\":400},\"primaryImageOfPage\":{\"@id\":\"https:\\\/\\\/energiesnet.com\\\/espanol\\\/como-valoran-los-mexicanos-a-los-paises-de-america-ruben-aguilar-v\\\/#mainImage\"},\"datePublished\":\"2022-07-14T07:05:54-04:00\",\"dateModified\":\"2022-07-14T07:05:56-04:00\"},{\"@type\":\"WebSite\",\"@id\":\"https:\\\/\\\/energiesnet.com\\\/espanol\\\/#website\",\"url\":\"https:\\\/\\\/energiesnet.com\\\/espanol\\\/\",\"name\":\"EnergiestNet\",\"description\":\"Latin America Energy, Oil ,  Gas & Renewals\",\"inLanguage\":\"es-ES\",\"publisher\":{\"@id\":\"https:\\\/\\\/energiesnet.com\\\/espanol\\\/#organization\"}}]}\n\t\t<\/script>\n\t\t<!-- All in One SEO -->\n\n","aioseo_head_json":{"title":"\u00bfC\u00f3mo valoran los mexicanos a los pa\u00edses de Am\u00e9rica?-Rub\u00e9n Aguilar V. - EnergiestNet","description":"A finales del mes de mayo Consulta Mitofsky hizo una encuesta nacional sobre la valoraci\u00f3n que las y los mexicanos tienen de los pa\u00edses de Am\u00e9rica. Los mejor valorados son Canad\u00e1 con 62% de opini\u00f3n buena y 7.0% de opini\u00f3n mala y Estados Unidos con 44.6% de opini\u00f3n buena y 14.2% de opini\u00f3n mala. M\u00e9xico con ellos","canonical_url":"https:\/\/energiesnet.com\/espanol\/como-valoran-los-mexicanos-a-los-paises-de-america-ruben-aguilar-v\/","robots":"max-image-preview:large","keywords":"","webmasterTools":{"miscellaneous":""},"schema":{"@context":"https:\/\/schema.org","@graph":[{"@type":"BlogPosting","@id":"https:\/\/energiesnet.com\/espanol\/como-valoran-los-mexicanos-a-los-paises-de-america-ruben-aguilar-v\/#blogposting","name":"\u00bfC\u00f3mo valoran los mexicanos a los pa\u00edses de Am\u00e9rica?-Rub\u00e9n Aguilar V. - EnergiestNet","headline":"\u00bfC\u00f3mo valoran los mexicanos a los pa\u00edses de Am\u00e9rica?-Rub\u00e9n Aguilar V.","author":{"@id":"https:\/\/energiesnet.com\/espanol\/author\/elioohep\/#author"},"publisher":{"@id":"https:\/\/energiesnet.com\/espanol\/#organization"},"image":{"@type":"ImageObject","url":"https:\/\/energiesnet.com\/espanol\/wp-content\/uploads\/2022\/07\/ruben_aguilar_600-4-4.jpg","width":600,"height":400},"datePublished":"2022-07-14T07:05:54-04:00","dateModified":"2022-07-14T07:05:56-04:00","inLanguage":"es-ES","mainEntityOfPage":{"@id":"https:\/\/energiesnet.com\/espanol\/como-valoran-los-mexicanos-a-los-paises-de-america-ruben-aguilar-v\/#webpage"},"isPartOf":{"@id":"https:\/\/energiesnet.com\/espanol\/como-valoran-los-mexicanos-a-los-paises-de-america-ruben-aguilar-v\/#webpage"},"articleSection":"Comentario del d\u00eda, Noticias Diarias"},{"@type":"BreadcrumbList","@id":"https:\/\/energiesnet.com\/espanol\/como-valoran-los-mexicanos-a-los-paises-de-america-ruben-aguilar-v\/#breadcrumblist","itemListElement":[{"@type":"ListItem","@id":"https:\/\/energiesnet.com\/espanol#listItem","position":1,"name":"Inicio","item":"https:\/\/energiesnet.com\/espanol","nextItem":{"@type":"ListItem","@id":"https:\/\/energiesnet.com\/espanol\/category\/noticias-diarias\/#listItem","name":"Noticias Diarias"}},{"@type":"ListItem","@id":"https:\/\/energiesnet.com\/espanol\/category\/noticias-diarias\/#listItem","position":2,"name":"Noticias Diarias","item":"https:\/\/energiesnet.com\/espanol\/category\/noticias-diarias\/","nextItem":{"@type":"ListItem","@id":"https:\/\/energiesnet.com\/espanol\/como-valoran-los-mexicanos-a-los-paises-de-america-ruben-aguilar-v\/#listItem","name":"\u00bfC\u00f3mo valoran los mexicanos a los pa\u00edses de Am\u00e9rica?-Rub\u00e9n Aguilar V."},"previousItem":{"@type":"ListItem","@id":"https:\/\/energiesnet.com\/espanol#listItem","name":"Inicio"}},{"@type":"ListItem","@id":"https:\/\/energiesnet.com\/espanol\/como-valoran-los-mexicanos-a-los-paises-de-america-ruben-aguilar-v\/#listItem","position":3,"name":"\u00bfC\u00f3mo valoran los mexicanos a los pa\u00edses de Am\u00e9rica?-Rub\u00e9n Aguilar V.","previousItem":{"@type":"ListItem","@id":"https:\/\/energiesnet.com\/espanol\/category\/noticias-diarias\/#listItem","name":"Noticias Diarias"}}]},{"@type":"Organization","@id":"https:\/\/energiesnet.com\/espanol\/#organization","name":"EnergiestNet","description":"Latin America Energy, Oil ,  Gas & Renewals","url":"https:\/\/energiesnet.com\/espanol\/","telephone":"+584142763041","logo":{"@type":"ImageObject","url":"https:\/\/energiesnet.com\/espanol\/wp-content\/uploads\/2022\/12\/EnergiesNet-Logo-200.jpg","@id":"https:\/\/energiesnet.com\/espanol\/como-valoran-los-mexicanos-a-los-paises-de-america-ruben-aguilar-v\/#organizationLogo","width":200,"height":220},"image":{"@id":"https:\/\/energiesnet.com\/espanol\/como-valoran-los-mexicanos-a-los-paises-de-america-ruben-aguilar-v\/#organizationLogo"},"sameAs":["https:\/\/www.facebook.com\/\/EnergiesNet","https:\/\/twitter.com\/EnergiesNet1","https:\/\/www.instagram.com\/energiesnet\/","https:\/\/linkedin.com\/in\/elio-ohep-a465b78"]},{"@type":"Person","@id":"https:\/\/energiesnet.com\/espanol\/author\/elioohep\/#author","url":"https:\/\/energiesnet.com\/espanol\/author\/elioohep\/","name":"EnergiesNet","image":{"@type":"ImageObject","@id":"https:\/\/energiesnet.com\/espanol\/como-valoran-los-mexicanos-a-los-paises-de-america-ruben-aguilar-v\/#authorImage","url":"https:\/\/secure.gravatar.com\/avatar\/5412deb1089370e2bdf1d1310563df78bf3dc9f9e388ca5748bced95cfdb664b?s=96&d=mm&r=g","width":96,"height":96,"caption":"EnergiesNet"}},{"@type":"WebPage","@id":"https:\/\/energiesnet.com\/espanol\/como-valoran-los-mexicanos-a-los-paises-de-america-ruben-aguilar-v\/#webpage","url":"https:\/\/energiesnet.com\/espanol\/como-valoran-los-mexicanos-a-los-paises-de-america-ruben-aguilar-v\/","name":"\u00bfC\u00f3mo valoran los mexicanos a los pa\u00edses de Am\u00e9rica?-Rub\u00e9n Aguilar V. - EnergiestNet","description":"A finales del mes de mayo Consulta Mitofsky hizo una encuesta nacional sobre la valoraci\u00f3n que las y los mexicanos tienen de los pa\u00edses de Am\u00e9rica. Los mejor valorados son Canad\u00e1 con 62% de opini\u00f3n buena y 7.0% de opini\u00f3n mala y Estados Unidos con 44.6% de opini\u00f3n buena y 14.2% de opini\u00f3n mala. M\u00e9xico con ellos","inLanguage":"es-ES","isPartOf":{"@id":"https:\/\/energiesnet.com\/espanol\/#website"},"breadcrumb":{"@id":"https:\/\/energiesnet.com\/espanol\/como-valoran-los-mexicanos-a-los-paises-de-america-ruben-aguilar-v\/#breadcrumblist"},"author":{"@id":"https:\/\/energiesnet.com\/espanol\/author\/elioohep\/#author"},"creator":{"@id":"https:\/\/energiesnet.com\/espanol\/author\/elioohep\/#author"},"image":{"@type":"ImageObject","url":"https:\/\/energiesnet.com\/espanol\/wp-content\/uploads\/2022\/07\/ruben_aguilar_600-4-4.jpg","@id":"https:\/\/energiesnet.com\/espanol\/como-valoran-los-mexicanos-a-los-paises-de-america-ruben-aguilar-v\/#mainImage","width":600,"height":400},"primaryImageOfPage":{"@id":"https:\/\/energiesnet.com\/espanol\/como-valoran-los-mexicanos-a-los-paises-de-america-ruben-aguilar-v\/#mainImage"},"datePublished":"2022-07-14T07:05:54-04:00","dateModified":"2022-07-14T07:05:56-04:00"},{"@type":"WebSite","@id":"https:\/\/energiesnet.com\/espanol\/#website","url":"https:\/\/energiesnet.com\/espanol\/","name":"EnergiestNet","description":"Latin America Energy, Oil ,  Gas & Renewals","inLanguage":"es-ES","publisher":{"@id":"https:\/\/energiesnet.com\/espanol\/#organization"}}]},"og:locale":"es_ES","og:site_name":"EnergiestNet - Latin America Energy, Oil ,  Gas &amp; Renewals","og:type":"article","og:title":"\u00bfC\u00f3mo valoran los mexicanos a los pa\u00edses de Am\u00e9rica?-Rub\u00e9n Aguilar V. - EnergiestNet","og:description":"A finales del mes de mayo Consulta Mitofsky hizo una encuesta nacional sobre la valoraci\u00f3n que las y los mexicanos tienen de los pa\u00edses de Am\u00e9rica. Los mejor valorados son Canad\u00e1 con 62% de opini\u00f3n buena y 7.0% de opini\u00f3n mala y Estados Unidos con 44.6% de opini\u00f3n buena y 14.2% de opini\u00f3n mala. M\u00e9xico con ellos","og:url":"https:\/\/energiesnet.com\/espanol\/como-valoran-los-mexicanos-a-los-paises-de-america-ruben-aguilar-v\/","og:image":"https:\/\/energiesnet.com\/espanol","og:image:secure_url":"https:\/\/energiesnet.com\/espanol","article:published_time":"2022-07-14T11:05:54+00:00","article:modified_time":"2022-07-14T11:05:56+00:00","article:publisher":"https:\/\/www.facebook.com\/\/EnergiesNet","twitter:card":"summary_large_image","twitter:site":"@EnergiesNet1","twitter:title":"\u00bfC\u00f3mo valoran los mexicanos a los pa\u00edses de Am\u00e9rica?-Rub\u00e9n Aguilar V. - EnergiestNet","twitter:description":"A finales del mes de mayo Consulta Mitofsky hizo una encuesta nacional sobre la valoraci\u00f3n que las y los mexicanos tienen de los pa\u00edses de Am\u00e9rica. Los mejor valorados son Canad\u00e1 con 62% de opini\u00f3n buena y 7.0% de opini\u00f3n mala y Estados Unidos con 44.6% de opini\u00f3n buena y 14.2% de opini\u00f3n mala. M\u00e9xico con ellos","twitter:creator":"@EnergiesNet1","twitter:image":"https:\/\/energiesnet.com\/espanol"},"aioseo_meta_data":{"post_id":"9777","title":null,"description":null,"keywords":null,"keyphrases":null,"primary_term":null,"canonical_url":null,"og_title":null,"og_description":null,"og_object_type":"default","og_image_type":"default","og_image_url":null,"og_image_width":null,"og_image_height":null,"og_image_custom_url":null,"og_image_custom_fields":null,"og_video":null,"og_custom_url":null,"og_article_section":null,"og_article_tags":null,"twitter_use_og":false,"twitter_card":"default","twitter_image_type":"default","twitter_image_url":null,"twitter_image_custom_url":null,"twitter_image_custom_fields":null,"twitter_title":null,"twitter_description":null,"schema":{"blockGraphs":[],"customGraphs":[],"default":{"data":{"Article":[],"Course":[],"Dataset":[],"FAQPage":[],"Movie":[],"Person":[],"Product":[],"ProductReview":[],"Car":[],"Recipe":[],"Service":[],"SoftwareApplication":[],"WebPage":[]},"graphName":"","isEnabled":true},"graphs":[]},"schema_type":"default","schema_type_options":null,"pillar_content":false,"robots_default":true,"robots_noindex":false,"robots_noarchive":false,"robots_nosnippet":false,"robots_nofollow":false,"robots_noimageindex":false,"robots_noodp":false,"robots_notranslate":false,"robots_max_snippet":null,"robots_max_videopreview":null,"robots_max_imagepreview":"large","priority":null,"frequency":null,"local_seo":null,"breadcrumb_settings":null,"limit_modified_date":false,"ai":null,"created":"2022-12-14 16:54:26","updated":"2025-06-04 12:25:37","seo_analyzer_scan_date":null,"focus_keyword":null,"additional_keywords":null,"truseo_locale":null},"aioseo_breadcrumb":"<div class=\"aioseo-breadcrumbs\"><span class=\"aioseo-breadcrumb\">\n\t\t\t<a href=\"https:\/\/energiesnet.com\/espanol\" title=\"Inicio\">Inicio<\/a>\n\t\t<\/span><span class=\"aioseo-breadcrumb-separator\">&raquo;<\/span><span class=\"aioseo-breadcrumb\">\n\t\t\t<a href=\"https:\/\/energiesnet.com\/espanol\/category\/noticias-diarias\/\" title=\"Noticias Diarias\">Noticias Diarias<\/a>\n\t\t<\/span><span class=\"aioseo-breadcrumb-separator\">&raquo;<\/span><span class=\"aioseo-breadcrumb\">\n\t\t\t\u00bfC\u00f3mo valoran los mexicanos a los pa\u00edses de Am\u00e9rica?-Rub\u00e9n Aguilar V.\n\t\t<\/span><\/div>","aioseo_breadcrumb_json":[{"label":"Inicio","link":"https:\/\/energiesnet.com\/espanol"},{"label":"Noticias Diarias","link":"https:\/\/energiesnet.com\/espanol\/category\/noticias-diarias\/"},{"label":"\u00bfC\u00f3mo valoran los mexicanos a los pa\u00edses de Am\u00e9rica?-Rub\u00e9n Aguilar V.","link":"https:\/\/energiesnet.com\/espanol\/como-valoran-los-mexicanos-a-los-paises-de-america-ruben-aguilar-v\/"}],"_links":{"self":[{"href":"https:\/\/energiesnet.com\/espanol\/wp-json\/wp\/v2\/posts\/9777","targetHints":{"allow":["GET"]}}],"collection":[{"href":"https:\/\/energiesnet.com\/espanol\/wp-json\/wp\/v2\/posts"}],"about":[{"href":"https:\/\/energiesnet.com\/espanol\/wp-json\/wp\/v2\/types\/post"}],"author":[{"embeddable":true,"href":"https:\/\/energiesnet.com\/espanol\/wp-json\/wp\/v2\/users\/2"}],"replies":[{"embeddable":true,"href":"https:\/\/energiesnet.com\/espanol\/wp-json\/wp\/v2\/comments?post=9777"}],"version-history":[{"count":0,"href":"https:\/\/energiesnet.com\/espanol\/wp-json\/wp\/v2\/posts\/9777\/revisions"}],"wp:featuredmedia":[{"embeddable":true,"href":"https:\/\/energiesnet.com\/espanol\/wp-json\/wp\/v2\/media\/9778"}],"wp:attachment":[{"href":"https:\/\/energiesnet.com\/espanol\/wp-json\/wp\/v2\/media?parent=9777"}],"wp:term":[{"taxonomy":"category","embeddable":true,"href":"https:\/\/energiesnet.com\/espanol\/wp-json\/wp\/v2\/categories?post=9777"},{"taxonomy":"post_tag","embeddable":true,"href":"https:\/\/energiesnet.com\/espanol\/wp-json\/wp\/v2\/tags?post=9777"}],"curies":[{"name":"wp","href":"https:\/\/api.w.org\/{rel}","templated":true}]}}